{"id":7583,"date":"2025-06-12T19:14:37","date_gmt":"2025-06-12T17:14:37","guid":{"rendered":"https:\/\/langtvvla.com.ar\/?p=7583"},"modified":"2025-06-12T19:14:37","modified_gmt":"2025-06-12T17:14:37","slug":"politica-isabel-la-primer-presidenta-peronista-presa","status":"publish","type":"post","link":"https:\/\/langtvvla.com.ar\/index.php\/2025\/06\/12\/politica-isabel-la-primer-presidenta-peronista-presa\/","title":{"rendered":"POLITICA: ISABEL, LA PRIMER PRESIDENTA PERONISTA PRESA"},"content":{"rendered":"\n<p><strong>Por estos d\u00edas, luego de la conmoci\u00f3n que caus\u00f3 la confirmaci\u00f3n por parte de la CSJ de la condena a 6 a\u00f1os de prisi\u00f3n a CFK, se recuerda aquel amargo 24 de marzo de 1976, cuando las FF.AA. dieron un golpe de Estado tr\u00e1gico para la sociedad toda y que envi\u00f3 a prisi\u00f3n a la primer Presidenta peronista de la historia.<\/strong><\/p>\n\n\n\n<p><strong>Si bien hay una diferencia no menor, Cristina fue electa y no una, dos veces, en cambio Isabel (Maria Estela Mart\u00ednez) era vice de Per\u00f3n, en las triunfantes elecciones del 12 de octubre de 1973.<\/strong><\/p>\n\n\n\n<p><strong>A la muerte del General el 1 de julio de 1974, le toc\u00f3 asumir la magistratura, una mujer que no estaba preparada para dicha tarea, en un pa\u00eds acosado por la violencia de las izquierdas y derechas y con graves problemas econ\u00f3micos.<\/strong><\/p>\n\n\n\n<figure class=\"wp-block-image size-large\"><img loading=\"lazy\" decoding=\"async\" width=\"1024\" height=\"576\" src=\"https:\/\/langtvvla.com.ar\/wp-content\/uploads\/2025\/06\/isabel-peron-1775478-1024x576.jpg\" alt=\"\" class=\"wp-image-7585\" srcset=\"https:\/\/langtvvla.com.ar\/wp-content\/uploads\/2025\/06\/isabel-peron-1775478-1024x576.jpg 1024w, https:\/\/langtvvla.com.ar\/wp-content\/uploads\/2025\/06\/isabel-peron-1775478-300x169.jpg 300w, https:\/\/langtvvla.com.ar\/wp-content\/uploads\/2025\/06\/isabel-peron-1775478-768x432.jpg 768w, https:\/\/langtvvla.com.ar\/wp-content\/uploads\/2025\/06\/isabel-peron-1775478.jpg 1280w\" sizes=\"auto, (max-width: 1024px) 100vw, 1024px\" \/><\/figure>\n\n\n\n<p><strong>As\u00ed es c\u00f3mo finalmente, a pesar de los intentos de adelantar las elecciones, los militares derrocaron nuevamente a un gobierno constitucional.<\/strong><\/p>\n\n\n\n<p><strong>Ese mismo d\u00eda\u00a0la trasladaron, enga\u00f1ada, a trav\u00e9s de un helic\u00f3ptero Sikorsky S 58DT de la Fuerza A\u00e9rea,\u00a0desde la terraza de la Casa Rosada hacia el \u00e1rea militar del Aeroparque Newbery, donde intentaron que firme un documento explicando que renunciaba por motivos de salud y que delegaba el poder en los mitares, a cambio de permitirle irse a Madrid, pero se neg\u00f3.<\/strong><\/p>\n\n\n\n<p><strong>Desde ah\u00ed fue enviada en un avi\u00f3n Fokker F 27 al sur y luego en autom\u00f3vil a la residencia El Messidor, en la Provincia de Neuqu\u00e9n, permaneci\u00f3 7 meses y fue procesada (y m\u00e1s tarde condenada), por desv\u00edos (y gastos) de fondos p\u00fablicos a cuentas personales.<\/strong><\/p>\n\n\n\n<figure class=\"wp-block-image size-full\"><img loading=\"lazy\" decoding=\"async\" width=\"728\" height=\"500\" src=\"https:\/\/langtvvla.com.ar\/wp-content\/uploads\/2025\/06\/el-elegante-messidor-por-dentro-y-por-fuera-1224-g6.jpg\" alt=\"\" class=\"wp-image-7587\" srcset=\"https:\/\/langtvvla.com.ar\/wp-content\/uploads\/2025\/06\/el-elegante-messidor-por-dentro-y-por-fuera-1224-g6.jpg 728w, https:\/\/langtvvla.com.ar\/wp-content\/uploads\/2025\/06\/el-elegante-messidor-por-dentro-y-por-fuera-1224-g6-300x206.jpg 300w\" sizes=\"auto, (max-width: 728px) 100vw, 728px\" \/><\/figure>\n\n\n\n<p><strong>Luego estuvo en una base naval en Azul, para terminar en octubre de 1978 en la quinta de San Vicente, herencia de Per\u00f3n, fueron cinco a\u00f1os con 3 meses y once dias presa, por momentos duros, de acoso psicol\u00f3gico (encerrada en una habitaci\u00f3n tapiada, con depresi\u00f3n y hasta un intento de suicidio), hasta su liberaci\u00f3n y exilio en Espa\u00f1a en julio de 1981.<\/strong><\/p>\n\n\n\n<p><strong>Por supuesto las comparaciones con Cristina son imposibles, ejemplo, a Isabel la acompa\u00f1aron en su cautiverio la mucama andaluza Rosarito y un par de caniches, en cambio a la l\u00edder del PJ la acompa\u00f1aran decenas de miles de militantes, pero, es parad\u00f3jico que, una vez m\u00e1s, una Presidenta intr\u00ednsecamente ligada al peronismo, vuelve a caer en el oprobio.<\/strong><\/p>\n\n\n\n<p><strong>Quiz\u00e1s el polit\u00f3logo norteamericano Francis Fukuyama tuviera raz\u00f3n y la historia ha terminado, y lo que vivimos en Argentina, desde hace d\u00e9cadas, es un loop eterno.<\/strong><\/p>\n\n\n\n<p><strong>CREDITO FOTOS WEB<\/strong><\/p>\n","protected":false},"excerpt":{"rendered":"<p>Por estos d\u00edas, luego de la conmoci\u00f3n que caus\u00f3 la confirmaci\u00f3n por parte de la CSJ de la condena a 6 a\u00f1os de prisi\u00f3n a CFK, se recuerda aquel amargo 24 de marzo de 1976, cuando las FF.AA. dieron un golpe de Estado tr\u00e1gico para la sociedad toda y que envi\u00f3 a prisi\u00f3n a la [&hellip;]<\/p>\n","protected":false},"author":1,"featured_media":7584,"comment_status":"open","ping_status":"open","sticky":false,"template":"","format":"standard","meta":{"footnotes":""},"categories":[28],"tags":[],"class_list":["post-7583","post","type-post","status-publish","format-standard","has-post-thumbnail","hentry","category-politica"],"_links":{"self":[{"href":"https:\/\/langtvvla.com.ar\/index.php\/wp-json\/wp\/v2\/posts\/7583","targetHints":{"allow":["GET"]}}],"collection":[{"href":"https:\/\/langtvvla.com.ar\/index.php\/wp-json\/wp\/v2\/posts"}],"about":[{"href":"https:\/\/langtvvla.com.ar\/index.php\/wp-json\/wp\/v2\/types\/post"}],"author":[{"embeddable":true,"href":"https:\/\/langtvvla.com.ar\/index.php\/wp-json\/wp\/v2\/users\/1"}],"replies":[{"embeddable":true,"href":"https:\/\/langtvvla.com.ar\/index.php\/wp-json\/wp\/v2\/comments?post=7583"}],"version-history":[{"count":1,"href":"https:\/\/langtvvla.com.ar\/index.php\/wp-json\/wp\/v2\/posts\/7583\/revisions"}],"predecessor-version":[{"id":7588,"href":"https:\/\/langtvvla.com.ar\/index.php\/wp-json\/wp\/v2\/posts\/7583\/revisions\/7588"}],"wp:featuredmedia":[{"embeddable":true,"href":"https:\/\/langtvvla.com.ar\/index.php\/wp-json\/wp\/v2\/media\/7584"}],"wp:attachment":[{"href":"https:\/\/langtvvla.com.ar\/index.php\/wp-json\/wp\/v2\/media?parent=7583"}],"wp:term":[{"taxonomy":"category","embeddable":true,"href":"https:\/\/langtvvla.com.ar\/index.php\/wp-json\/wp\/v2\/categories?post=7583"},{"taxonomy":"post_tag","embeddable":true,"href":"https:\/\/langtvvla.com.ar\/index.php\/wp-json\/wp\/v2\/tags?post=7583"}],"curies":[{"name":"wp","href":"https:\/\/api.w.org\/{rel}","templated":true}]}}