{"id":7606,"date":"2025-06-19T05:44:20","date_gmt":"2025-06-19T03:44:20","guid":{"rendered":"https:\/\/langtvvla.com.ar\/?p=7606"},"modified":"2025-06-19T06:40:49","modified_gmt":"2025-06-19T04:40:49","slug":"politica-historica-movilizacion-en-contra-de-la-prision-a-cfk-angostura-tambien-marcho","status":"publish","type":"post","link":"https:\/\/langtvvla.com.ar\/index.php\/2025\/06\/19\/politica-historica-movilizacion-en-contra-de-la-prision-a-cfk-angostura-tambien-marcho\/","title":{"rendered":"POLITICA: HISTORICA MOVILIZACION EN CONTRA DE LA PRISION A CFK, ANGOSTURA TAMBIEN MARCHO"},"content":{"rendered":"\n<figure class=\"wp-block-embed is-type-video is-provider-youtube wp-block-embed-youtube wp-embed-aspect-16-9 wp-has-aspect-ratio\"><div class=\"wp-block-embed__wrapper\">\n<iframe loading=\"lazy\" title=\"19 de junio de 2025\" width=\"500\" height=\"281\" src=\"https:\/\/www.youtube.com\/embed\/HkpC4IzVeBc?feature=oembed\" frameborder=\"0\" allow=\"accelerometer; autoplay; clipboard-write; encrypted-media; gyroscope; picture-in-picture; web-share\" referrerpolicy=\"strict-origin-when-cross-origin\" allowfullscreen><\/iframe>\n<\/div><\/figure>\n\n\n\n<p><strong>Este mi\u00e9rcoles 18, desde las 16hs, cientos de miles marcharon en Argentina en contra de la condena a prisi\u00f3n  de Cristina Kirchner y su proscripci\u00f3n pol\u00edtica.<\/strong><\/p>\n\n\n\n<p><strong>En la regi\u00f3n hubo marchas en Roca, Viedma, San Antonio Oeste, Cipolletti, Bariloche, SMA, Neuquen.<\/strong><\/p>\n\n\n\n<p><strong>En nuestra localidad medio centenar de militantes recorrieron la avenida Arrayanes, portando una inmensa bandera nacional, de unos 20 metros de largo por 5 de ancho.<\/strong><\/p>\n\n\n\n<p><strong>Participaron el peronismo, ATE, Movimiento Evita e independientes, al frente de la columna encabezaba una bandera de 1,50mts de alto por 5 de ancho, con la cara de CFK y la leyenda \u00abNo a la proscripcion\u00bb.<\/strong><\/p>\n\n\n\n<p><strong>Otros puntos del pa\u00eds fueron C\u00f3rdoba, Tucum\u00e1n, Mar del Plata, Mendoza y el epicentro en Buenos Aires, donde la gente desbord\u00f3 la m\u00edtica Plaza de Mayo.<\/strong><\/p>\n\n\n\n<figure class=\"wp-block-image size-large\"><img loading=\"lazy\" decoding=\"async\" width=\"1024\" height=\"768\" src=\"https:\/\/langtvvla.com.ar\/wp-content\/uploads\/2025\/06\/59-1024x768.jpg\" alt=\"\" class=\"wp-image-7612\" srcset=\"https:\/\/langtvvla.com.ar\/wp-content\/uploads\/2025\/06\/59-1024x768.jpg 1024w, https:\/\/langtvvla.com.ar\/wp-content\/uploads\/2025\/06\/59-300x225.jpg 300w, https:\/\/langtvvla.com.ar\/wp-content\/uploads\/2025\/06\/59-768x576.jpg 768w, https:\/\/langtvvla.com.ar\/wp-content\/uploads\/2025\/06\/59-1536x1152.jpg 1536w, https:\/\/langtvvla.com.ar\/wp-content\/uploads\/2025\/06\/59-2048x1536.jpg 2048w\" sizes=\"auto, (max-width: 1024px) 100vw, 1024px\" \/><\/figure>\n\n\n\n<p><strong><mark style=\"background-color:rgba(0, 0, 0, 0);color:#f70303\" class=\"has-inline-color\">EL DISCURSO DE <\/mark><mark style=\"background-color:rgba(0, 0, 0, 0);color:#f50505\" class=\"has-inline-color\">CRISTINA<\/mark><\/strong><\/p>\n\n\n\n<p><strong>All\u00ed se transmiti\u00f3 un mensaje grabado de ella, que dec\u00eda:<\/strong><\/p>\n\n\n\n<p>1-<strong>Es el momento de demostrar que vamos a defender la democracia con las mismas herramientas con las que la construimos.<\/strong><\/p>\n\n\n\n<p><strong>2-Queridos argentinos y argentinas: vamos a volver, y adem\u00e1s vamos a volver con m\u00e1s sabidur\u00eda, con m\u00e1s unidad, con m\u00e1s fuerza.<\/strong><\/p>\n\n\n\n<p><strong>3-Este modelo que ahora encarna Milei, que no es diferente a los que otrora, se cae.<\/strong><\/p>\n\n\n\n<p><strong>4-Lo peor es que el poder econ\u00f3mico sabe que este modelo no tiene futuro.<\/strong><\/p>\n\n\n\n<p><strong>5-Pueden encerrarme a m\u00ed, pero no van a poder encerrar a todo el pueblo argentino.<\/strong><\/p>\n\n\n\n<p><strong>5-\u00bfSaben por qu\u00e9 no me dejan competir? Porque saben que pierden.<\/strong><\/p>\n\n\n\n<p><strong>6-Estoy en San Jos\u00e9 1111, firme\u00a0 y tranquila. Eso s\u00ed, con prohibici\u00f3n de salir al balc\u00f3n, Dios m\u00edo, qu\u00e9 cachivaches que son.<\/strong><\/p>\n\n\n\n<p><strong>7-Y me gusta ese \u2018Vamos a volver\u2019, porque revela una voluntad, la de volver a tener un pa\u00eds donde los pibes puedan comer 4 veces al d\u00eda.<\/strong><\/p>\n\n\n\n<p><strong>8-Los que est\u00e1n asustados no somos nosotros, son ellos.<\/strong><\/p>\n\n\n\n<p><\/p>\n","protected":false},"excerpt":{"rendered":"<p>Este mi\u00e9rcoles 18, desde las 16hs, cientos de miles marcharon en Argentina en contra de la condena a prisi\u00f3n de Cristina Kirchner y su proscripci\u00f3n pol\u00edtica. En la regi\u00f3n hubo marchas en Roca, Viedma, San Antonio Oeste, Cipolletti, Bariloche, SMA, Neuquen. En nuestra localidad medio centenar de militantes recorrieron la avenida Arrayanes, portando una inmensa [&hellip;]<\/p>\n","protected":false},"author":1,"featured_media":7607,"comment_status":"open","ping_status":"open","sticky":false,"template":"","format":"standard","meta":{"footnotes":""},"categories":[28],"tags":[],"class_list":["post-7606","post","type-post","status-publish","format-standard","has-post-thumbnail","hentry","category-politica"],"_links":{"self":[{"href":"https:\/\/langtvvla.com.ar\/index.php\/wp-json\/wp\/v2\/posts\/7606","targetHints":{"allow":["GET"]}}],"collection":[{"href":"https:\/\/langtvvla.com.ar\/index.php\/wp-json\/wp\/v2\/posts"}],"about":[{"href":"https:\/\/langtvvla.com.ar\/index.php\/wp-json\/wp\/v2\/types\/post"}],"author":[{"embeddable":true,"href":"https:\/\/langtvvla.com.ar\/index.php\/wp-json\/wp\/v2\/users\/1"}],"replies":[{"embeddable":true,"href":"https:\/\/langtvvla.com.ar\/index.php\/wp-json\/wp\/v2\/comments?post=7606"}],"version-history":[{"count":7,"href":"https:\/\/langtvvla.com.ar\/index.php\/wp-json\/wp\/v2\/posts\/7606\/revisions"}],"predecessor-version":[{"id":7619,"href":"https:\/\/langtvvla.com.ar\/index.php\/wp-json\/wp\/v2\/posts\/7606\/revisions\/7619"}],"wp:featuredmedia":[{"embeddable":true,"href":"https:\/\/langtvvla.com.ar\/index.php\/wp-json\/wp\/v2\/media\/7607"}],"wp:attachment":[{"href":"https:\/\/langtvvla.com.ar\/index.php\/wp-json\/wp\/v2\/media?parent=7606"}],"wp:term":[{"taxonomy":"category","embeddable":true,"href":"https:\/\/langtvvla.com.ar\/index.php\/wp-json\/wp\/v2\/categories?post=7606"},{"taxonomy":"post_tag","embeddable":true,"href":"https:\/\/langtvvla.com.ar\/index.php\/wp-json\/wp\/v2\/tags?post=7606"}],"curies":[{"name":"wp","href":"https:\/\/api.w.org\/{rel}","templated":true}]}}