{"id":7620,"date":"2025-06-19T17:05:19","date_gmt":"2025-06-19T15:05:19","guid":{"rendered":"https:\/\/langtvvla.com.ar\/?p=7620"},"modified":"2025-06-19T17:55:27","modified_gmt":"2025-06-19T15:55:27","slug":"politica-la-caja-de-jubilaciones-de-neuquen-no-se-toca-adhesion-del-hcd","status":"publish","type":"post","link":"https:\/\/langtvvla.com.ar\/index.php\/2025\/06\/19\/politica-la-caja-de-jubilaciones-de-neuquen-no-se-toca-adhesion-del-hcd\/","title":{"rendered":"POLITICA: LA CAJA PREVISIONAL DE NEUQU\u00c9N NO SE TOCA, ADHESION DEL HCD"},"content":{"rendered":"\n<figure class=\"wp-block-embed is-type-video is-provider-youtube wp-block-embed-youtube wp-embed-aspect-16-9 wp-has-aspect-ratio\"><div class=\"wp-block-embed__wrapper\">\n<iframe loading=\"lazy\" title=\"HCD 2025\" width=\"500\" height=\"281\" src=\"https:\/\/www.youtube.com\/embed\/8E-IKG5Vero?feature=oembed\" frameborder=\"0\" allow=\"accelerometer; autoplay; clipboard-write; encrypted-media; gyroscope; picture-in-picture; web-share\" referrerpolicy=\"strict-origin-when-cross-origin\" allowfullscreen><\/iframe>\n<\/div><\/figure>\n\n\n\n<p><strong>Este mi\u00e9rcoles en una nueva Sesi\u00f3n del HCD, se aprob\u00f3 por unanimidad (incluido el voto de JXLL) una comunicaci\u00f3n que adheria al rechazo de la Legislatura de Neuqu\u00e9n al dictamen de la C\u00e1mara de Diputados sobre la unificaci\u00f3n de las Cajas Previsionales de las provincias en un \u00fanico sistema, tutelado por el ANSES.<\/strong><\/p>\n\n\n\n<p><strong>Entre los fundamentos se incluyo que el INSS es parte de la identidad institucional neuquina, adem\u00e1s su transferencia a la Naci\u00f3n implicar\u00eda p\u00e9rdida de derechos y un atentado a la autonom\u00eda provincial.<\/strong><\/p>\n\n\n\n<p><strong>El concejal Tomas Andrade, de Avanzar, autor del Proyecto de Comunicaci\u00f3n, utiliz\u00f3 las palabras del gobernador Rolo Figueroa para cerrar su uso de la palabra \u00abCon el gobierno nacional no peleamos por pelear, peleamos por Neuqu\u00e9n \u00ab.<\/strong><\/p>\n\n\n\n<div class=\"wp-block-file\"><a href=\"blob:https:\/\/langtvvla.com.ar\/be5687a6-fc2d-441f-a6f7-e6968f6801de\" class=\"wp-block-file__button wp-element-button\" download>Descarga<\/a><\/div>\n","protected":false},"excerpt":{"rendered":"<p>Este mi\u00e9rcoles en una nueva Sesi\u00f3n del HCD, se aprob\u00f3 por unanimidad (incluido el voto de JXLL) una comunicaci\u00f3n que adheria al rechazo de la Legislatura de Neuqu\u00e9n al dictamen de la C\u00e1mara de Diputados sobre la unificaci\u00f3n de las Cajas Previsionales de las provincias en un \u00fanico sistema, tutelado por el ANSES. Entre los [&hellip;]<\/p>\n","protected":false},"author":1,"featured_media":7621,"comment_status":"open","ping_status":"open","sticky":false,"template":"","format":"standard","meta":{"footnotes":""},"categories":[28],"tags":[],"class_list":["post-7620","post","type-post","status-publish","format-standard","has-post-thumbnail","hentry","category-politica"],"_links":{"self":[{"href":"https:\/\/langtvvla.com.ar\/index.php\/wp-json\/wp\/v2\/posts\/7620","targetHints":{"allow":["GET"]}}],"collection":[{"href":"https:\/\/langtvvla.com.ar\/index.php\/wp-json\/wp\/v2\/posts"}],"about":[{"href":"https:\/\/langtvvla.com.ar\/index.php\/wp-json\/wp\/v2\/types\/post"}],"author":[{"embeddable":true,"href":"https:\/\/langtvvla.com.ar\/index.php\/wp-json\/wp\/v2\/users\/1"}],"replies":[{"embeddable":true,"href":"https:\/\/langtvvla.com.ar\/index.php\/wp-json\/wp\/v2\/comments?post=7620"}],"version-history":[{"count":5,"href":"https:\/\/langtvvla.com.ar\/index.php\/wp-json\/wp\/v2\/posts\/7620\/revisions"}],"predecessor-version":[{"id":7629,"href":"https:\/\/langtvvla.com.ar\/index.php\/wp-json\/wp\/v2\/posts\/7620\/revisions\/7629"}],"wp:featuredmedia":[{"embeddable":true,"href":"https:\/\/langtvvla.com.ar\/index.php\/wp-json\/wp\/v2\/media\/7621"}],"wp:attachment":[{"href":"https:\/\/langtvvla.com.ar\/index.php\/wp-json\/wp\/v2\/media?parent=7620"}],"wp:term":[{"taxonomy":"category","embeddable":true,"href":"https:\/\/langtvvla.com.ar\/index.php\/wp-json\/wp\/v2\/categories?post=7620"},{"taxonomy":"post_tag","embeddable":true,"href":"https:\/\/langtvvla.com.ar\/index.php\/wp-json\/wp\/v2\/tags?post=7620"}],"curies":[{"name":"wp","href":"https:\/\/api.w.org\/{rel}","templated":true}]}}