{"id":7711,"date":"2025-07-01T23:39:51","date_gmt":"2025-07-01T21:39:51","guid":{"rendered":"https:\/\/langtvvla.com.ar\/?p=7711"},"modified":"2025-07-02T21:15:13","modified_gmt":"2025-07-02T19:15:13","slug":"deportes-exitoso-torneo-de-tenis-de-mesa-en-angostura","status":"publish","type":"post","link":"https:\/\/langtvvla.com.ar\/index.php\/2025\/07\/01\/deportes-exitoso-torneo-de-tenis-de-mesa-en-angostura\/","title":{"rendered":"DEPORTES: EXITOSO TORNEO DE TENIS DE MESA EN ANGOSTURA"},"content":{"rendered":"\n<figure class=\"wp-block-embed is-type-video is-provider-youtube wp-block-embed-youtube wp-embed-aspect-16-9 wp-has-aspect-ratio\"><div class=\"wp-block-embed__wrapper\">\n<iframe loading=\"lazy\" title=\"TENIS DE MESA 2025\" width=\"500\" height=\"281\" src=\"https:\/\/www.youtube.com\/embed\/_Xw4iN9WQxA?feature=oembed\" frameborder=\"0\" allow=\"accelerometer; autoplay; clipboard-write; encrypted-media; gyroscope; picture-in-picture; web-share\" referrerpolicy=\"strict-origin-when-cross-origin\" allowfullscreen><\/iframe>\n<\/div><\/figure>\n\n\n\n<p><strong>Este fin de semana (28 y 29 de junio) se realiz\u00f3 la \u201cCopa Villa La Angostura\u201d, con gran convocatoria de participantes y p\u00fablico.<\/strong><\/p>\n\n\n\n<figure class=\"wp-block-image size-large\"><img loading=\"lazy\" decoding=\"async\" width=\"1024\" height=\"769\" src=\"https:\/\/langtvvla.com.ar\/wp-content\/uploads\/2025\/07\/106867m37-1024x769.jpg\" alt=\"\" class=\"wp-image-7712\" srcset=\"https:\/\/langtvvla.com.ar\/wp-content\/uploads\/2025\/07\/106867m37-1024x769.jpg 1024w, https:\/\/langtvvla.com.ar\/wp-content\/uploads\/2025\/07\/106867m37-300x225.jpg 300w, https:\/\/langtvvla.com.ar\/wp-content\/uploads\/2025\/07\/106867m37-768x577.jpg 768w, https:\/\/langtvvla.com.ar\/wp-content\/uploads\/2025\/07\/106867m37-1536x1153.jpg 1536w, https:\/\/langtvvla.com.ar\/wp-content\/uploads\/2025\/07\/106867m37-2048x1538.jpg 2048w\" sizes=\"auto, (max-width: 1024px) 100vw, 1024px\" \/><\/figure>\n\n\n\n<p><strong>Organizado por la Secretaria de Deportes, conducida por Walter Esp\u00edndola, que cont\u00f3 con la log\u00edstica de H\u00e9ctor Pino y Pato Cifuentes y coparticipaci\u00f3n del CEF 7 (Sergio Nervi), este torneo se convirti\u00f3 en el 2do m\u00e1s importante de la regi\u00f3n.<\/strong><\/p>\n\n\n\n<figure class=\"wp-block-image size-large\"><img loading=\"lazy\" decoding=\"async\" width=\"1024\" height=\"769\" src=\"https:\/\/langtvvla.com.ar\/wp-content\/uploads\/2025\/07\/106867m38-1024x769.jpg\" alt=\"\" class=\"wp-image-7713\" srcset=\"https:\/\/langtvvla.com.ar\/wp-content\/uploads\/2025\/07\/106867m38-1024x769.jpg 1024w, https:\/\/langtvvla.com.ar\/wp-content\/uploads\/2025\/07\/106867m38-300x225.jpg 300w, https:\/\/langtvvla.com.ar\/wp-content\/uploads\/2025\/07\/106867m38-768x577.jpg 768w, https:\/\/langtvvla.com.ar\/wp-content\/uploads\/2025\/07\/106867m38-1536x1153.jpg 1536w, https:\/\/langtvvla.com.ar\/wp-content\/uploads\/2025\/07\/106867m38-2048x1538.jpg 2048w\" sizes=\"auto, (max-width: 1024px) 100vw, 1024px\" \/><\/figure>\n\n\n\n<p><strong>El Barbagelata se visti\u00f3 de fiesta con m\u00e1s de 150 jugadores que vinieron de Chile (Valdivia, Temuco, Puerto Montt) y Argentina (14 de Neuqu\u00e9n Capital, Loncopu\u00e9, 18 de Jun\u00edn, SMA, Cipolletti, Epuy\u00e9n, Esquel, Dina Huapi, 30 de Bariloche y Angostura).<\/strong><\/p>\n\n\n\n<figure class=\"wp-block-image size-large\"><img loading=\"lazy\" decoding=\"async\" width=\"1024\" height=\"769\" src=\"https:\/\/langtvvla.com.ar\/wp-content\/uploads\/2025\/07\/106867m39-1024x769.jpg\" alt=\"\" class=\"wp-image-7714\" srcset=\"https:\/\/langtvvla.com.ar\/wp-content\/uploads\/2025\/07\/106867m39-1024x769.jpg 1024w, https:\/\/langtvvla.com.ar\/wp-content\/uploads\/2025\/07\/106867m39-300x225.jpg 300w, https:\/\/langtvvla.com.ar\/wp-content\/uploads\/2025\/07\/106867m39-768x577.jpg 768w, https:\/\/langtvvla.com.ar\/wp-content\/uploads\/2025\/07\/106867m39-1536x1153.jpg 1536w, https:\/\/langtvvla.com.ar\/wp-content\/uploads\/2025\/07\/106867m39-2048x1538.jpg 2048w\" sizes=\"auto, (max-width: 1024px) 100vw, 1024px\" \/><\/figure>\n\n\n\n<p><strong>El s\u00e1bado fue d\u00eda de promocionales, cuarta a primera, tenis de mesa adaptado (en silla de ruedas), dobles y m\u00e1sters.<\/strong><\/p>\n\n\n\n<figure class=\"wp-block-image size-large\"><img loading=\"lazy\" decoding=\"async\" width=\"1024\" height=\"769\" src=\"https:\/\/langtvvla.com.ar\/wp-content\/uploads\/2025\/07\/106867m42-1024x769.jpg\" alt=\"\" class=\"wp-image-7716\" srcset=\"https:\/\/langtvvla.com.ar\/wp-content\/uploads\/2025\/07\/106867m42-1024x769.jpg 1024w, https:\/\/langtvvla.com.ar\/wp-content\/uploads\/2025\/07\/106867m42-300x225.jpg 300w, https:\/\/langtvvla.com.ar\/wp-content\/uploads\/2025\/07\/106867m42-768x577.jpg 768w, https:\/\/langtvvla.com.ar\/wp-content\/uploads\/2025\/07\/106867m42-1536x1153.jpg 1536w, https:\/\/langtvvla.com.ar\/wp-content\/uploads\/2025\/07\/106867m42-2048x1538.jpg 2048w\" sizes=\"auto, (max-width: 1024px) 100vw, 1024px\" \/><\/figure>\n\n\n\n<p><strong>El domingo se hicieron las semifinales y finales de las categor\u00edas m\u00e1s importantes y la premiaci\u00f3n del 1ro al 3er lugar.<\/strong><\/p>\n\n\n\n<figure class=\"wp-block-image size-large\"><img loading=\"lazy\" decoding=\"async\" width=\"769\" height=\"1024\" src=\"https:\/\/langtvvla.com.ar\/wp-content\/uploads\/2025\/07\/106867m41-769x1024.jpg\" alt=\"\" class=\"wp-image-7715\" srcset=\"https:\/\/langtvvla.com.ar\/wp-content\/uploads\/2025\/07\/106867m41-769x1024.jpg 769w, https:\/\/langtvvla.com.ar\/wp-content\/uploads\/2025\/07\/106867m41-225x300.jpg 225w, https:\/\/langtvvla.com.ar\/wp-content\/uploads\/2025\/07\/106867m41-768x1023.jpg 768w, https:\/\/langtvvla.com.ar\/wp-content\/uploads\/2025\/07\/106867m41-1153x1536.jpg 1153w, https:\/\/langtvvla.com.ar\/wp-content\/uploads\/2025\/07\/106867m41-1538x2048.jpg 1538w, https:\/\/langtvvla.com.ar\/wp-content\/uploads\/2025\/07\/106867m41-scaled.jpg 1922w\" sizes=\"auto, (max-width: 769px) 100vw, 769px\" \/><\/figure>\n\n\n\n<p><strong>Entre los jugadores de gran nivel estuvieron los chilenos Diego V\u00e1squez, Mat\u00edas Qui\u00f1inao, Ignacio Neira y Juan Moreno (2do en primera single y dobles), de Argentina el neuquino Jonathan Solano (1ro en primera single y dobles) y el rionegrino Keith Kruteler (3ro en primera single y 1ro en dobles).<\/strong><\/p>\n\n\n\n<figure class=\"wp-block-image size-large\"><img loading=\"lazy\" decoding=\"async\" width=\"769\" height=\"1024\" src=\"https:\/\/langtvvla.com.ar\/wp-content\/uploads\/2025\/07\/106867m43-769x1024.jpg\" alt=\"\" class=\"wp-image-7718\" srcset=\"https:\/\/langtvvla.com.ar\/wp-content\/uploads\/2025\/07\/106867m43-769x1024.jpg 769w, https:\/\/langtvvla.com.ar\/wp-content\/uploads\/2025\/07\/106867m43-225x300.jpg 225w, https:\/\/langtvvla.com.ar\/wp-content\/uploads\/2025\/07\/106867m43-768x1023.jpg 768w, https:\/\/langtvvla.com.ar\/wp-content\/uploads\/2025\/07\/106867m43-1153x1536.jpg 1153w, https:\/\/langtvvla.com.ar\/wp-content\/uploads\/2025\/07\/106867m43-1538x2048.jpg 1538w, https:\/\/langtvvla.com.ar\/wp-content\/uploads\/2025\/07\/106867m43-scaled.jpg 1922w\" sizes=\"auto, (max-width: 769px) 100vw, 769px\" \/><\/figure>\n\n\n\n<p><strong>La Secretaria de Deportes agradece a las siguientes instituciones y personas por acompa\u00f1ar en la organizaci\u00f3n y atenci\u00f3n a lxs competidores participantes:<br>Delegaciones de Valdivia (Prof. Richard Pacheco), Temuco (Prof. Juan Aceiton Moreno), Dina Huapi (Victoria Cordoba), Loncopue (Prof. Placido), Esquel, SMA (Elizabeth Kobylarz), Jun\u00edn de los Andes (Prof. Florencia Gutierrez y Alicia), Neuqu\u00e9n Capital (Prof. Cecilia Carabajal), Epuyen (Prof. Pablo Prost), Bariloche (Paulina Gonzales y grupo Casa del Deporte), Secretaria de Atenci\u00f3n al Vecino y nuestros deportistas de las escuelas del CEF 7 y escuela Municipal Prof. Mauro Barrientos.<br>Especialmente a la Jueza General de la Competencia Prof. Paulina Gonzalez de Bariloche, Planta de Campamentos N 3, Caba\u00f1as de la Mutual Policial, Autoservicio LT, Autoservicio Lo de Tito, Carnes el Rodeo, Almac\u00e9n y poller\u00eda Eclipse, Cimes, Secretaria de Cultura, Camerata de Villa La Angostura, Personal de Cocina del CCI, de la Municipalidad de Villa La Angostura, Sr. Collin, el Staff de las chicas del CCI, Direcci\u00f3n del CEF N 7 y Profesor de Tenis de Mesa Sergio Nervi, grupos locales de Tenis de Mesa y Ping Pong, Protecci\u00f3n Civil de la Municipalidad de Villa La Angostura y al staff de la Secretaria de Deportes.<\/strong><\/p>\n\n\n\n<p><strong><mark style=\"background-color:rgba(0, 0, 0, 0);color:#f50000\" class=\"has-inline-color\">TODOS LOS RESULTADOS <\/mark><\/strong><\/p>\n\n\n\n<p><strong>PROMOCIONALES MENORES 1\u00b0 PUESTO LIGATO GIOVANNI (NEUQUEN)<br>2\u00b0 PUESTO SANCHEZ ISABELLA (DINA HUAPI)<br>3\u00b0 PUESTO BENDEZU TOMAS (VALDIVIA)<\/strong><\/p>\n\n\n\n<p><strong>CATEGORIAS PROMOCIONALES MAYORES<br>1\u00b0 PUESTO ESPEJO MAURO (NEUQUEN)<br>2\u00b0 PUESTO FERRARIS FACUNDO (NEUQUEN)<br>3\u00b0 PUESTO CALDERON CRISTINA (SAN MARTIN DE LOS ANDES)<\/strong><\/p>\n\n\n\n<p><strong>CATEGORIAS DAMAS TODO COMPETIDOR<br>1\u00b0 PUESTO MANZANO MARTINA (VALDIVIA)<br>2\u00b0 PUESTO PI\u00d1A SAMSARA (VALDIVIA)<br>3\u00b0 PUESTO CORDOBA VICTORIA (DINA HUAPI)<\/strong><\/p>\n\n\n\n<p><strong>CATEGORIAS DOBLES TODO COMPETIDOR<br>1\u00b0 PUESTO SOLANO\/KRUTELER (NEUQUEN)<br>2\u00b0 PUESTO ACEITON \/NEYRA (TEMUCO)<br>3\u00b0 PUESTO VIDAL \/CASAL (VALDIVIA)<\/strong><\/p>\n\n\n\n<p><strong>CATEGORIAS DOBLES MIXTOS<br>1\u00b0 PUESTO CARABAJAL \/KRUTELER (NEUQUEN)<br>2\u00b0 PUESTO MORENO\/SOLANO (TEMUCO)<br>3\u00b0 PUESTO VIDAL\/GUICHAPAY (VALDIVIA)<\/strong><\/p>\n\n\n\n<p><strong>CATEGORIAS MAX + 50<br>1\u00b0 PUESTO JUAN MORENO (TEMUCO)<br>2\u00b0 PUESTO EDGARDO LLEUFO (BARILOCHE)<br>3\u00b0 PUESTO DANIEL STERN (BARILOCHE)<\/strong><\/p>\n\n\n\n<p><strong>CATEGORIAS MAX +60<br>1\u00b0 PUESTO JOSE NECULMAN (BARILOCHE)<br>2\u00b0 PUESTO JAVIER SOTO (BARILOCHE)<br>3\u00b0 PUESTO OSVALDO RIVAS (BARILOCHE)<\/strong><\/p>\n\n\n\n<p><strong>CATEGORIAS CUARTA<br>1\u00b0 PUESTO LIGATO GIOVANNI (NEUQUEN)<br>2\u00b0 PUESTO MAURO BARRIENTOS (VILLA LA ANGOSTURA)<br>3\u00b0 PUESTO FLORENCIA GUASTAVINO (VALDIVIA)<\/strong><\/p>\n\n\n\n<p><strong>CATEGORIAS TERCERA<br>1\u00b0 PUESTO QUI\u00d1INAO MATIAS (TEMUCO)<br>2\u00b0 PUESTO ANDREA FERNANDEZ (VILLA LA ANGOSTURA)<br>3\u00b0 PUESTO WASTABINO FLORENCIA (VALDIVIA)<\/strong><\/p>\n\n\n\n<p><strong>CATEGORIAS SEGUNDA<br>1\u00b0 PUESTO CASENEUVE FRAN (NEUQUEN)<br>2\u00b0 PUESTO IGNACIO ASENJO (BARILOCHE)<br>3\u00b0 PUESTO JULIAN ARRAGAZZI (NEUQUEN)<\/strong><\/p>\n\n\n\n<p><strong>CATEGORIAS PRIMERA<br>1\u00b0 PUESTO JONATHAN SOLANO (NEUQUEN)<br>2\u00b0 PUESTO JUAN MORENO (TEMUCO)<br>3\u00b0 PUESTO KEITH KRUTELER (NEUQUEN)<\/strong><\/p>\n\n\n\n<p><strong>CATEGORIAS PCD<br>1\u00b0 PUESTO MARITE HUENUMIL (VILLA LA ANGOSTURA)<br>2\u00b0 PUESTO JUAN MENDOZA (VILLA LA ANGOSTURA)<br>3\u00b0 PUESTO MATEO GHIGLIA (BARILOCHE)<\/strong><\/p>\n\n\n\n<p><\/p>\n","protected":false},"excerpt":{"rendered":"<p>Este fin de semana (28 y 29 de junio) se realiz\u00f3 la \u201cCopa Villa La Angostura\u201d, con gran convocatoria de participantes y p\u00fablico. Organizado por la Secretaria de Deportes, conducida por Walter Esp\u00edndola, que cont\u00f3 con la log\u00edstica de H\u00e9ctor Pino y Pato Cifuentes y coparticipaci\u00f3n del CEF 7 (Sergio Nervi), este torneo se convirti\u00f3 [&hellip;]<\/p>\n","protected":false},"author":1,"featured_media":7721,"comment_status":"open","ping_status":"open","sticky":false,"template":"","format":"standard","meta":{"footnotes":""},"categories":[18],"tags":[],"class_list":["post-7711","post","type-post","status-publish","format-standard","has-post-thumbnail","hentry","category-deportes"],"_links":{"self":[{"href":"https:\/\/langtvvla.com.ar\/index.php\/wp-json\/wp\/v2\/posts\/7711","targetHints":{"allow":["GET"]}}],"collection":[{"href":"https:\/\/langtvvla.com.ar\/index.php\/wp-json\/wp\/v2\/posts"}],"about":[{"href":"https:\/\/langtvvla.com.ar\/index.php\/wp-json\/wp\/v2\/types\/post"}],"author":[{"embeddable":true,"href":"https:\/\/langtvvla.com.ar\/index.php\/wp-json\/wp\/v2\/users\/1"}],"replies":[{"embeddable":true,"href":"https:\/\/langtvvla.com.ar\/index.php\/wp-json\/wp\/v2\/comments?post=7711"}],"version-history":[{"count":9,"href":"https:\/\/langtvvla.com.ar\/index.php\/wp-json\/wp\/v2\/posts\/7711\/revisions"}],"predecessor-version":[{"id":7732,"href":"https:\/\/langtvvla.com.ar\/index.php\/wp-json\/wp\/v2\/posts\/7711\/revisions\/7732"}],"wp:featuredmedia":[{"embeddable":true,"href":"https:\/\/langtvvla.com.ar\/index.php\/wp-json\/wp\/v2\/media\/7721"}],"wp:attachment":[{"href":"https:\/\/langtvvla.com.ar\/index.php\/wp-json\/wp\/v2\/media?parent=7711"}],"wp:term":[{"taxonomy":"category","embeddable":true,"href":"https:\/\/langtvvla.com.ar\/index.php\/wp-json\/wp\/v2\/categories?post=7711"},{"taxonomy":"post_tag","embeddable":true,"href":"https:\/\/langtvvla.com.ar\/index.php\/wp-json\/wp\/v2\/tags?post=7711"}],"curies":[{"name":"wp","href":"https:\/\/api.w.org\/{rel}","templated":true}]}}