{"id":7749,"date":"2025-07-04T20:09:34","date_gmt":"2025-07-04T18:09:34","guid":{"rendered":"https:\/\/langtvvla.com.ar\/?p=7749"},"modified":"2025-07-04T20:42:06","modified_gmt":"2025-07-04T18:42:06","slug":"politica-hizo-falta-desempate-del-presidente-hcd-pero-no-habra-juicio-politico-a-murer-y-funcionarios","status":"publish","type":"post","link":"https:\/\/langtvvla.com.ar\/index.php\/2025\/07\/04\/politica-hizo-falta-desempate-del-presidente-hcd-pero-no-habra-juicio-politico-a-murer-y-funcionarios\/","title":{"rendered":"POLITICA: HIZO FALTA DESEMPATE DEL PRESIDENTE HCD, PERO NO HABRA JUICIO POLITICO A MURER Y FUNCIONARIOS"},"content":{"rendered":"\n<figure class=\"wp-block-embed is-type-video is-provider-youtube wp-block-embed-youtube wp-embed-aspect-16-9 wp-has-aspect-ratio\"><div class=\"wp-block-embed__wrapper\">\n<iframe loading=\"lazy\" title=\"HCD 2025\" width=\"500\" height=\"281\" src=\"https:\/\/www.youtube.com\/embed\/SJsvBXC6m3M?feature=oembed\" frameborder=\"0\" allow=\"accelerometer; autoplay; clipboard-write; encrypted-media; gyroscope; picture-in-picture; web-share\" referrerpolicy=\"strict-origin-when-cross-origin\" allowfullscreen><\/iframe>\n<\/div><\/figure>\n\n\n\n<p><strong>Este viernes 4 se realiz\u00f3 una Sesi\u00f3n Especial en el HCD para tratar un pedido de juicio pol\u00edtico al Intendente, la Vice Intendenta, el Secretario Naretti y 2 ex funcionarios (Monz\u00f3n y Lobos).<\/strong><\/p>\n\n\n\n<p><strong>El motivo: 2 ex empleadas de \u00e1reas relacionadas con RRHH y Ni\u00f1ez (Orellana y Maldonado) pidieron el juicio pol\u00edtico acusando de encubrimiento y violencia institucional a las autoridades.<\/strong><\/p>\n\n\n\n<p><strong>El resultado de la votaci\u00f3n refleja la \u00abgrieta\u00bb pol\u00edtica en el HCD, 3 votos de la oposici\u00f3n para aprobar el juicio y 3 del oficialismo en contra, como el concejal Andrade ten\u00eda dudas para definir su voto, ya que consider\u00f3 que hab\u00eda \u00abcontradicciones\u00bb en la inmediatez de la toma de decisiones (en la sumariante que orden\u00f3 sancionar a las empleadas con exoneracion y traslado) y en algunas Concejales que ahora quer\u00edan juzgar a funcionarios (cuando en JACAD consideraron que se respet\u00f3 el debido proceso), esa inmediatez para una cosa y no en otra era contradictoria, hizo que se abstenga, aunque aclar\u00f3 que en JACAD vot\u00f3 a favor de las ex empleadas, por considerar que fueron mal sancionadas.<\/strong><\/p>\n\n\n\n<p><strong>El Presidente del HCD por Carta Org\u00e1nica debe desempatar una votaci\u00f3n, por ese motivo Sebastian Raimondo defini\u00f3 en 4 a 3 por aprobar el dictamen que afirmaba no haber m\u00e9rito para enjuiciar a funcionarios.<\/strong><\/p>\n\n\n\n<p><strong>Aun resta la denuncia penal que presentaron las ex empleadas, sancionadas por no denunciar los hechos ante el organismo competente, en tiempo y forma y por haber revelado informaci\u00f3n que no estaba autorizada.<\/strong><\/p>\n\n\n\n<p><strong>Ahora habr\u00e1 que ver c\u00f3mo impacta esta decisi\u00f3n del HCD, si tiene alguna influencia y a quien favorece y perjudica, al oficialismo o a la oposici\u00f3n.  El tiempo dir\u00e1.<\/strong><\/p>\n","protected":false},"excerpt":{"rendered":"<p>Este viernes 4 se realiz\u00f3 una Sesi\u00f3n Especial en el HCD para tratar un pedido de juicio pol\u00edtico al Intendente, la Vice Intendenta, el Secretario Naretti y 2 ex funcionarios (Monz\u00f3n y Lobos). El motivo: 2 ex empleadas de \u00e1reas relacionadas con RRHH y Ni\u00f1ez (Orellana y Maldonado) pidieron el juicio pol\u00edtico acusando de encubrimiento [&hellip;]<\/p>\n","protected":false},"author":1,"featured_media":7621,"comment_status":"open","ping_status":"open","sticky":false,"template":"","format":"standard","meta":{"footnotes":""},"categories":[28],"tags":[],"class_list":["post-7749","post","type-post","status-publish","format-standard","has-post-thumbnail","hentry","category-politica"],"_links":{"self":[{"href":"https:\/\/langtvvla.com.ar\/index.php\/wp-json\/wp\/v2\/posts\/7749","targetHints":{"allow":["GET"]}}],"collection":[{"href":"https:\/\/langtvvla.com.ar\/index.php\/wp-json\/wp\/v2\/posts"}],"about":[{"href":"https:\/\/langtvvla.com.ar\/index.php\/wp-json\/wp\/v2\/types\/post"}],"author":[{"embeddable":true,"href":"https:\/\/langtvvla.com.ar\/index.php\/wp-json\/wp\/v2\/users\/1"}],"replies":[{"embeddable":true,"href":"https:\/\/langtvvla.com.ar\/index.php\/wp-json\/wp\/v2\/comments?post=7749"}],"version-history":[{"count":3,"href":"https:\/\/langtvvla.com.ar\/index.php\/wp-json\/wp\/v2\/posts\/7749\/revisions"}],"predecessor-version":[{"id":7753,"href":"https:\/\/langtvvla.com.ar\/index.php\/wp-json\/wp\/v2\/posts\/7749\/revisions\/7753"}],"wp:featuredmedia":[{"embeddable":true,"href":"https:\/\/langtvvla.com.ar\/index.php\/wp-json\/wp\/v2\/media\/7621"}],"wp:attachment":[{"href":"https:\/\/langtvvla.com.ar\/index.php\/wp-json\/wp\/v2\/media?parent=7749"}],"wp:term":[{"taxonomy":"category","embeddable":true,"href":"https:\/\/langtvvla.com.ar\/index.php\/wp-json\/wp\/v2\/categories?post=7749"},{"taxonomy":"post_tag","embeddable":true,"href":"https:\/\/langtvvla.com.ar\/index.php\/wp-json\/wp\/v2\/tags?post=7749"}],"curies":[{"name":"wp","href":"https:\/\/api.w.org\/{rel}","templated":true}]}}