{"id":7755,"date":"2025-07-04T21:21:06","date_gmt":"2025-07-04T19:21:06","guid":{"rendered":"https:\/\/langtvvla.com.ar\/?p=7755"},"modified":"2025-07-04T21:29:33","modified_gmt":"2025-07-04T19:29:33","slug":"politica-no-habia-justificativos-ni-pruebas-para-el-juicio-politico-raimondo-presidente-hcd","status":"publish","type":"post","link":"https:\/\/langtvvla.com.ar\/index.php\/2025\/07\/04\/politica-no-habia-justificativos-ni-pruebas-para-el-juicio-politico-raimondo-presidente-hcd\/","title":{"rendered":"POLITICA: NO HABIA JUSTIFICATIVOS NI PRUEBAS PARA EL JUICIO POLITICO (RAIMONDO, PRESIDENTE HCD)"},"content":{"rendered":"\n<figure class=\"wp-block-embed is-type-video is-provider-youtube wp-block-embed-youtube wp-embed-aspect-16-9 wp-has-aspect-ratio\"><div class=\"wp-block-embed__wrapper\">\n<iframe loading=\"lazy\" title=\"HCD 2025\" width=\"500\" height=\"281\" src=\"https:\/\/www.youtube.com\/embed\/r7yCii44G-s?feature=oembed\" frameborder=\"0\" allow=\"accelerometer; autoplay; clipboard-write; encrypted-media; gyroscope; picture-in-picture; web-share\" referrerpolicy=\"strict-origin-when-cross-origin\" allowfullscreen><\/iframe>\n<\/div><\/figure>\n\n\n\n<p><strong>Este viernes 4 de julio, luego de la Sesi\u00f3n Especial que trat\u00f3 el pedido de juicio pol\u00edtico a funcionarios de la administraci\u00f3n Murer, LANG TV dialog\u00f3 en exclusiva con el Presidente del HCD, Sebastian Raimondo,  que nos cont\u00f3 sobre la Sesi\u00f3n y la justificaci\u00f3n de su voto, que desempato y dej\u00f3 el rechazo al juicio por 4 a 3, aclarando que para imponerse la aprobaci\u00f3n del juicio eran necesarios 5 votos (y la oposici\u00f3n nunca los tuvo).<\/strong><\/p>\n\n\n\n<p><strong>Otro tema que le consultamos fue el recientemente aprobado Tarifario 2025, donde afirm\u00f3 que Hacienda pidi\u00f3 lo que se necesitaba para cubrir los costos de los servicios (70.000 $), pero 30.000 $ fue lo que se pudo consensuar con la oposici\u00f3n. Tambi\u00e9n aclar\u00f3 que lo que se paga en Angostura est\u00e1 muy lejos de otras localidades, como SMA, y que era necesario una actualizaci\u00f3n. <\/strong><\/p>\n","protected":false},"excerpt":{"rendered":"<p>Este viernes 4 de julio, luego de la Sesi\u00f3n Especial que trat\u00f3 el pedido de juicio pol\u00edtico a funcionarios de la administraci\u00f3n Murer, LANG TV dialog\u00f3 en exclusiva con el Presidente del HCD, Sebastian Raimondo, que nos cont\u00f3 sobre la Sesi\u00f3n y la justificaci\u00f3n de su voto, que desempato y dej\u00f3 el rechazo al juicio [&hellip;]<\/p>\n","protected":false},"author":1,"featured_media":7756,"comment_status":"open","ping_status":"open","sticky":false,"template":"","format":"standard","meta":{"footnotes":""},"categories":[28],"tags":[],"class_list":["post-7755","post","type-post","status-publish","format-standard","has-post-thumbnail","hentry","category-politica"],"_links":{"self":[{"href":"https:\/\/langtvvla.com.ar\/index.php\/wp-json\/wp\/v2\/posts\/7755","targetHints":{"allow":["GET"]}}],"collection":[{"href":"https:\/\/langtvvla.com.ar\/index.php\/wp-json\/wp\/v2\/posts"}],"about":[{"href":"https:\/\/langtvvla.com.ar\/index.php\/wp-json\/wp\/v2\/types\/post"}],"author":[{"embeddable":true,"href":"https:\/\/langtvvla.com.ar\/index.php\/wp-json\/wp\/v2\/users\/1"}],"replies":[{"embeddable":true,"href":"https:\/\/langtvvla.com.ar\/index.php\/wp-json\/wp\/v2\/comments?post=7755"}],"version-history":[{"count":2,"href":"https:\/\/langtvvla.com.ar\/index.php\/wp-json\/wp\/v2\/posts\/7755\/revisions"}],"predecessor-version":[{"id":7758,"href":"https:\/\/langtvvla.com.ar\/index.php\/wp-json\/wp\/v2\/posts\/7755\/revisions\/7758"}],"wp:featuredmedia":[{"embeddable":true,"href":"https:\/\/langtvvla.com.ar\/index.php\/wp-json\/wp\/v2\/media\/7756"}],"wp:attachment":[{"href":"https:\/\/langtvvla.com.ar\/index.php\/wp-json\/wp\/v2\/media?parent=7755"}],"wp:term":[{"taxonomy":"category","embeddable":true,"href":"https:\/\/langtvvla.com.ar\/index.php\/wp-json\/wp\/v2\/categories?post=7755"},{"taxonomy":"post_tag","embeddable":true,"href":"https:\/\/langtvvla.com.ar\/index.php\/wp-json\/wp\/v2\/tags?post=7755"}],"curies":[{"name":"wp","href":"https:\/\/api.w.org\/{rel}","templated":true}]}}