{"id":7788,"date":"2025-07-10T05:32:21","date_gmt":"2025-07-10T03:32:21","guid":{"rendered":"https:\/\/langtvvla.com.ar\/?p=7788"},"modified":"2025-07-10T05:37:33","modified_gmt":"2025-07-10T03:37:33","slug":"politica-11","status":"publish","type":"post","link":"https:\/\/langtvvla.com.ar\/index.php\/2025\/07\/10\/politica-11\/","title":{"rendered":"POLITICA: DECIDIMOS ACOMPA\u00d1AR AL GOBERNADOR PORQUE LOS ACUERDOS DE MACRI CON ROLO SE CUMPLIERON (DIPUTADA LICHTER)"},"content":{"rendered":"\n<figure class=\"wp-block-embed is-type-video is-provider-youtube wp-block-embed-youtube wp-embed-aspect-16-9 wp-has-aspect-ratio\"><div class=\"wp-block-embed__wrapper\">\n<iframe loading=\"lazy\" title=\"VERONICA LICHTER 2025\" width=\"500\" height=\"281\" src=\"https:\/\/www.youtube.com\/embed\/vPk3asKBysA?feature=oembed\" frameborder=\"0\" allow=\"accelerometer; autoplay; clipboard-write; encrypted-media; gyroscope; picture-in-picture; web-share\" referrerpolicy=\"strict-origin-when-cross-origin\" allowfullscreen><\/iframe>\n<\/div><figcaption class=\"wp-element-caption\"><strong>Este 9 de julio, en el marco del acto por la Declaraci\u00f3n de Independencia,  LANG TV dialog\u00f3 en exclusiva con la diputada provincial Ver\u00f3nica Lichter, del PRO.<\/strong><\/figcaption><\/figure>\n\n\n\n<p><strong>Nos cont\u00f3 su impresi\u00f3n sobre la importancia de la tan esperada declaraci\u00f3n de Angostura como capital del deporte de monta\u00f1a, las leyes y proyectos aprobados y en los que est\u00e1 trabajando.<\/strong><\/p>\n\n\n\n<p><strong>Finalmente profundiz\u00f3 sobre la unidad con el partido del gobernador Figueroa y la reciente renovaci\u00f3n de autoridades del PRO de Neuqu\u00e9n. <\/strong><\/p>\n","protected":false},"excerpt":{"rendered":"<p>Nos cont\u00f3 su impresi\u00f3n sobre la importancia de la tan esperada declaraci\u00f3n de Angostura como capital del deporte de monta\u00f1a, las leyes y proyectos aprobados y en los que est\u00e1 trabajando. Finalmente profundiz\u00f3 sobre la unidad con el partido del gobernador Figueroa y la reciente renovaci\u00f3n de autoridades del PRO de Neuqu\u00e9n.<\/p>\n","protected":false},"author":1,"featured_media":7789,"comment_status":"open","ping_status":"open","sticky":false,"template":"","format":"standard","meta":{"footnotes":""},"categories":[28],"tags":[],"class_list":["post-7788","post","type-post","status-publish","format-standard","has-post-thumbnail","hentry","category-politica"],"_links":{"self":[{"href":"https:\/\/langtvvla.com.ar\/index.php\/wp-json\/wp\/v2\/posts\/7788","targetHints":{"allow":["GET"]}}],"collection":[{"href":"https:\/\/langtvvla.com.ar\/index.php\/wp-json\/wp\/v2\/posts"}],"about":[{"href":"https:\/\/langtvvla.com.ar\/index.php\/wp-json\/wp\/v2\/types\/post"}],"author":[{"embeddable":true,"href":"https:\/\/langtvvla.com.ar\/index.php\/wp-json\/wp\/v2\/users\/1"}],"replies":[{"embeddable":true,"href":"https:\/\/langtvvla.com.ar\/index.php\/wp-json\/wp\/v2\/comments?post=7788"}],"version-history":[{"count":3,"href":"https:\/\/langtvvla.com.ar\/index.php\/wp-json\/wp\/v2\/posts\/7788\/revisions"}],"predecessor-version":[{"id":7792,"href":"https:\/\/langtvvla.com.ar\/index.php\/wp-json\/wp\/v2\/posts\/7788\/revisions\/7792"}],"wp:featuredmedia":[{"embeddable":true,"href":"https:\/\/langtvvla.com.ar\/index.php\/wp-json\/wp\/v2\/media\/7789"}],"wp:attachment":[{"href":"https:\/\/langtvvla.com.ar\/index.php\/wp-json\/wp\/v2\/media?parent=7788"}],"wp:term":[{"taxonomy":"category","embeddable":true,"href":"https:\/\/langtvvla.com.ar\/index.php\/wp-json\/wp\/v2\/categories?post=7788"},{"taxonomy":"post_tag","embeddable":true,"href":"https:\/\/langtvvla.com.ar\/index.php\/wp-json\/wp\/v2\/tags?post=7788"}],"curies":[{"name":"wp","href":"https:\/\/api.w.org\/{rel}","templated":true}]}}