{"id":7834,"date":"2025-07-16T23:38:29","date_gmt":"2025-07-16T21:38:29","guid":{"rendered":"https:\/\/langtvvla.com.ar\/?p=7834"},"modified":"2025-07-17T17:41:36","modified_gmt":"2025-07-17T15:41:36","slug":"politica-pese-a-pelea-legal-hcd-aprobo-art-26-tarifario-5-a-2","status":"publish","type":"post","link":"https:\/\/langtvvla.com.ar\/index.php\/2025\/07\/16\/politica-pese-a-pelea-legal-hcd-aprobo-art-26-tarifario-5-a-2\/","title":{"rendered":"POL\u00cdTICA: PESE A PELEA LEGAL HCD APROBO ART. 26 TARIFARIO (5 A 2)"},"content":{"rendered":"\n<figure class=\"wp-block-embed is-type-video is-provider-youtube wp-block-embed-youtube wp-embed-aspect-16-9 wp-has-aspect-ratio\"><div class=\"wp-block-embed__wrapper\">\n<iframe loading=\"lazy\" title=\"HCD 2025\" width=\"500\" height=\"281\" src=\"https:\/\/www.youtube.com\/embed\/rgjvUVu2j60?feature=oembed\" frameborder=\"0\" allow=\"accelerometer; autoplay; clipboard-write; encrypted-media; gyroscope; picture-in-picture; web-share\" referrerpolicy=\"strict-origin-when-cross-origin\" allowfullscreen><\/iframe>\n<\/div><\/figure>\n\n\n\n<p><strong>Este miercoles 16 se realiz\u00f3 una nueva Sesi\u00f3n del HCD, donde el punto m\u00e1s fuerte se vi\u00f3 durante el tratamiento para la aprobaci\u00f3n art. 26 del Tarifario.<\/strong><\/p>\n\n\n\n<p><strong>Este trata sobre lo que se debe pagar por habilitaciones comerciales. La discusi\u00f3n central estuvo en el procedimiento, ya que para la concejal peronista Mesa era indispensable repetir el proceso (presentaci\u00f3n, 1ra lectura, espera de 30 dias y 2da lectura) mientras que para Venica de Nuevo Compromiso Neuquino (en Comunidad) no era necesario, ya que en este caso no rige tal cosa, que es para crear tributos o aumentarlos, pues se trata de una reducci\u00f3n (solicitada por C\u00e1mara de Comercio y aceptada, pero omitida en el texto cuando se aprob\u00f3 el Tarifario 2025).<\/strong><\/p>\n\n\n\n<p><strong>Aun as\u00ed Mess insisti\u00f3 que consult\u00f3 a varios convencionales (Gordillo, Hensel, Grecchi) respecto a lo que correspond\u00eda seg\u00fan Carta Org\u00e1nica y la opini\u00f3n fue un\u00e1nime, era doble lectura, sin embargo Venica y el resto del oficialismo se mantuvieron en que no figura en el art. 100 doble lectura para bajar tributos y que por art. 5  no se pueden modificar declaraciones, derechos o garant\u00edas de la CO, lo que suceder\u00eda si se acepta aquella interpretaci\u00f3n. <\/strong><\/p>\n\n\n\n<p><strong>Dadas las posiciones se fue a votaci\u00f3n y termin\u00f3 5 a 2 aprobados retrotrae los puntos a lo que se cobraba en 2024 (Mesa y Vidal de JxL en contra).<\/strong><\/p>\n\n\n\n<figure class=\"wp-block-embed is-type-video is-provider-youtube wp-block-embed-youtube wp-embed-aspect-16-9 wp-has-aspect-ratio\"><div class=\"wp-block-embed__wrapper\">\n<iframe loading=\"lazy\" title=\"HCD 2025\" width=\"500\" height=\"281\" src=\"https:\/\/www.youtube.com\/embed\/nPfMspkStsc?feature=oembed\" frameborder=\"0\" allow=\"accelerometer; autoplay; clipboard-write; encrypted-media; gyroscope; picture-in-picture; web-share\" referrerpolicy=\"strict-origin-when-cross-origin\" allowfullscreen><\/iframe>\n<\/div><\/figure>\n\n\n\n<p><strong>Otra aprobaci\u00f3n fue la regularizaci\u00f3n de la Casa de ni\u00f1ez y adolescentes, que apunta a menores en situaci\u00f3n de conflictos familiares.<\/strong><\/p>\n\n\n\n<figure class=\"wp-block-embed is-type-video is-provider-youtube wp-block-embed-youtube wp-embed-aspect-16-9 wp-has-aspect-ratio\"><div class=\"wp-block-embed__wrapper\">\n<iframe loading=\"lazy\" title=\"HCD 2025\" width=\"500\" height=\"281\" src=\"https:\/\/www.youtube.com\/embed\/6I6rB9hBm2s?feature=oembed\" frameborder=\"0\" allow=\"accelerometer; autoplay; clipboard-write; encrypted-media; gyroscope; picture-in-picture; web-share\" referrerpolicy=\"strict-origin-when-cross-origin\" allowfullscreen><\/iframe>\n<\/div><\/figure>\n\n\n\n<p><strong>Otro proyecto fue el pedido de Condonacion (que result\u00f3 parcial) de deuda al Ministerio Rios de Agua Viva Restaurador.<\/strong><\/p>\n\n\n\n<figure class=\"wp-block-embed is-type-video is-provider-youtube wp-block-embed-youtube wp-embed-aspect-16-9 wp-has-aspect-ratio\"><div class=\"wp-block-embed__wrapper\">\n<iframe loading=\"lazy\" title=\"HCD 2025\" width=\"500\" height=\"281\" src=\"https:\/\/www.youtube.com\/embed\/bKE9n_1vwoA?feature=oembed\" frameborder=\"0\" allow=\"accelerometer; autoplay; clipboard-write; encrypted-media; gyroscope; picture-in-picture; web-share\" referrerpolicy=\"strict-origin-when-cross-origin\" allowfullscreen><\/iframe>\n<\/div><\/figure>\n\n\n\n<p><strong>Se aprob\u00f3 un\u00e1nimemente la Declaraci\u00f3n de Inter\u00e9s del evento Angostura Moda y Dise\u00f1o a realizarse en Convenciones el 19.<\/strong><\/p>\n\n\n\n<figure class=\"wp-block-embed is-type-video is-provider-youtube wp-block-embed-youtube wp-embed-aspect-16-9 wp-has-aspect-ratio\"><div class=\"wp-block-embed__wrapper\">\n<iframe loading=\"lazy\" title=\"HCD 2025\" width=\"500\" height=\"281\" src=\"https:\/\/www.youtube.com\/embed\/1JATeJkwzGA?feature=oembed\" frameborder=\"0\" allow=\"accelerometer; autoplay; clipboard-write; encrypted-media; gyroscope; picture-in-picture; web-share\" referrerpolicy=\"strict-origin-when-cross-origin\" allowfullscreen><\/iframe>\n<\/div><\/figure>\n\n\n\n<p><strong>Finalmente se aprobaron 2 modificaciones, se quit\u00f3 la palabra Honorable, a la menci\u00f3n del Deliberante y se elimin\u00f3 el l\u00edmite de edad para acceder a la Banca del Vecino (era a partir de 24 a\u00f1os), ahora incluso ni\u00f1os, autorizado por padres, podr\u00e1n utilizarla.<\/strong><\/p>\n","protected":false},"excerpt":{"rendered":"<p>Este miercoles 16 se realiz\u00f3 una nueva Sesi\u00f3n del HCD, donde el punto m\u00e1s fuerte se vi\u00f3 durante el tratamiento para la aprobaci\u00f3n art. 26 del Tarifario. Este trata sobre lo que se debe pagar por habilitaciones comerciales. La discusi\u00f3n central estuvo en el procedimiento, ya que para la concejal peronista Mesa era indispensable repetir [&hellip;]<\/p>\n","protected":false},"author":1,"featured_media":7621,"comment_status":"open","ping_status":"open","sticky":false,"template":"","format":"standard","meta":{"footnotes":""},"categories":[28],"tags":[],"class_list":["post-7834","post","type-post","status-publish","format-standard","has-post-thumbnail","hentry","category-politica"],"_links":{"self":[{"href":"https:\/\/langtvvla.com.ar\/index.php\/wp-json\/wp\/v2\/posts\/7834","targetHints":{"allow":["GET"]}}],"collection":[{"href":"https:\/\/langtvvla.com.ar\/index.php\/wp-json\/wp\/v2\/posts"}],"about":[{"href":"https:\/\/langtvvla.com.ar\/index.php\/wp-json\/wp\/v2\/types\/post"}],"author":[{"embeddable":true,"href":"https:\/\/langtvvla.com.ar\/index.php\/wp-json\/wp\/v2\/users\/1"}],"replies":[{"embeddable":true,"href":"https:\/\/langtvvla.com.ar\/index.php\/wp-json\/wp\/v2\/comments?post=7834"}],"version-history":[{"count":7,"href":"https:\/\/langtvvla.com.ar\/index.php\/wp-json\/wp\/v2\/posts\/7834\/revisions"}],"predecessor-version":[{"id":7845,"href":"https:\/\/langtvvla.com.ar\/index.php\/wp-json\/wp\/v2\/posts\/7834\/revisions\/7845"}],"wp:featuredmedia":[{"embeddable":true,"href":"https:\/\/langtvvla.com.ar\/index.php\/wp-json\/wp\/v2\/media\/7621"}],"wp:attachment":[{"href":"https:\/\/langtvvla.com.ar\/index.php\/wp-json\/wp\/v2\/media?parent=7834"}],"wp:term":[{"taxonomy":"category","embeddable":true,"href":"https:\/\/langtvvla.com.ar\/index.php\/wp-json\/wp\/v2\/categories?post=7834"},{"taxonomy":"post_tag","embeddable":true,"href":"https:\/\/langtvvla.com.ar\/index.php\/wp-json\/wp\/v2\/tags?post=7834"}],"curies":[{"name":"wp","href":"https:\/\/api.w.org\/{rel}","templated":true}]}}