{"id":7894,"date":"2025-07-19T17:05:46","date_gmt":"2025-07-19T15:05:46","guid":{"rendered":"https:\/\/langtvvla.com.ar\/?p=7894"},"modified":"2025-07-19T17:05:47","modified_gmt":"2025-07-19T15:05:47","slug":"deportes-di-lorenzo-y-la-busqueda-del-titulo-en-san-luis","status":"publish","type":"post","link":"https:\/\/langtvvla.com.ar\/index.php\/2025\/07\/19\/deportes-di-lorenzo-y-la-busqueda-del-titulo-en-san-luis\/","title":{"rendered":"DEPORTES: DI LORENZO Y LA BUSQUEDA DEL TITULO EN SAN LUIS"},"content":{"rendered":"\n<p><strong>El campe\u00f3n mundial Master UCI 2022 y Campe\u00f3n Argentino 2022, el angosturense Ignacio Di Lorenzo, vuelve otra vez a San Luis en b\u00fasqueda del campeonato (fue subcampe\u00f3n en 2024).<\/strong><\/p>\n\n\n\n<p><strong>La provincia puntana ser\u00e1 nuevamente sede del Argentino XCC\/XCR\/XCO 2025 del 18 al 20 de julio.<\/strong><\/p>\n\n\n\n<p><strong>No la tendr\u00e1 f\u00e1cil Nacho o el \u00abRata\u00bb (como se le conoce) pues uno de sus grandes rivales ser\u00e1 el cordob\u00e9s Matias Prieto, ganador en 2023 y 24.<\/strong><\/p>\n\n\n\n<p><strong>La Master B2, su categor\u00eda, ser\u00e1 el domingo 20 a las 12hs, aqu\u00ed el cronograma completo.<\/strong><\/p>\n\n\n\n<figure class=\"wp-block-image size-full\"><img loading=\"lazy\" decoding=\"async\" width=\"563\" height=\"841\" src=\"https:\/\/langtvvla.com.ar\/wp-content\/uploads\/2025\/07\/Screenshot_20250719-114258_Instagram.jpg\" alt=\"\" class=\"wp-image-7897\" srcset=\"https:\/\/langtvvla.com.ar\/wp-content\/uploads\/2025\/07\/Screenshot_20250719-114258_Instagram.jpg 563w, https:\/\/langtvvla.com.ar\/wp-content\/uploads\/2025\/07\/Screenshot_20250719-114258_Instagram-201x300.jpg 201w\" sizes=\"auto, (max-width: 563px) 100vw, 563px\" \/><\/figure>\n\n\n\n<p><strong>CREDITO FOTOS: REDES<\/strong><\/p>\n","protected":false},"excerpt":{"rendered":"<p>El campe\u00f3n mundial Master UCI 2022 y Campe\u00f3n Argentino 2022, el angosturense Ignacio Di Lorenzo, vuelve otra vez a San Luis en b\u00fasqueda del campeonato (fue subcampe\u00f3n en 2024). La provincia puntana ser\u00e1 nuevamente sede del Argentino XCC\/XCR\/XCO 2025 del 18 al 20 de julio. No la tendr\u00e1 f\u00e1cil Nacho o el \u00abRata\u00bb (como se [&hellip;]<\/p>\n","protected":false},"author":1,"featured_media":7895,"comment_status":"open","ping_status":"open","sticky":false,"template":"","format":"standard","meta":{"footnotes":""},"categories":[18],"tags":[],"class_list":["post-7894","post","type-post","status-publish","format-standard","has-post-thumbnail","hentry","category-deportes"],"_links":{"self":[{"href":"https:\/\/langtvvla.com.ar\/index.php\/wp-json\/wp\/v2\/posts\/7894","targetHints":{"allow":["GET"]}}],"collection":[{"href":"https:\/\/langtvvla.com.ar\/index.php\/wp-json\/wp\/v2\/posts"}],"about":[{"href":"https:\/\/langtvvla.com.ar\/index.php\/wp-json\/wp\/v2\/types\/post"}],"author":[{"embeddable":true,"href":"https:\/\/langtvvla.com.ar\/index.php\/wp-json\/wp\/v2\/users\/1"}],"replies":[{"embeddable":true,"href":"https:\/\/langtvvla.com.ar\/index.php\/wp-json\/wp\/v2\/comments?post=7894"}],"version-history":[{"count":1,"href":"https:\/\/langtvvla.com.ar\/index.php\/wp-json\/wp\/v2\/posts\/7894\/revisions"}],"predecessor-version":[{"id":7898,"href":"https:\/\/langtvvla.com.ar\/index.php\/wp-json\/wp\/v2\/posts\/7894\/revisions\/7898"}],"wp:featuredmedia":[{"embeddable":true,"href":"https:\/\/langtvvla.com.ar\/index.php\/wp-json\/wp\/v2\/media\/7895"}],"wp:attachment":[{"href":"https:\/\/langtvvla.com.ar\/index.php\/wp-json\/wp\/v2\/media?parent=7894"}],"wp:term":[{"taxonomy":"category","embeddable":true,"href":"https:\/\/langtvvla.com.ar\/index.php\/wp-json\/wp\/v2\/categories?post=7894"},{"taxonomy":"post_tag","embeddable":true,"href":"https:\/\/langtvvla.com.ar\/index.php\/wp-json\/wp\/v2\/tags?post=7894"}],"curies":[{"name":"wp","href":"https:\/\/api.w.org\/{rel}","templated":true}]}}