{"id":8042,"date":"2025-08-05T20:04:51","date_gmt":"2025-08-05T18:04:51","guid":{"rendered":"https:\/\/langtvvla.com.ar\/?p=8042"},"modified":"2025-08-05T20:40:21","modified_gmt":"2025-08-05T18:40:21","slug":"sociedad-10","status":"publish","type":"post","link":"https:\/\/langtvvla.com.ar\/index.php\/2025\/08\/05\/sociedad-10\/","title":{"rendered":"SOCIEDAD: DEFENSORIA DEL PUEBLO, HERRAMIENTA PARA DEFENDER DERECHOS CIUDADANOS"},"content":{"rendered":"\n<p><strong>Este viernes 1 en el CD se realiz\u00f3 la charla organizada por Primero Angostura sobre el rol del Defensor del Pueblo, dictada por Juan Dutto, uno de los primeros en ejercer ese cargo en Neuqu\u00e9n.<\/strong><\/p>\n\n\n\n<p><strong>Estuvo presente las Concejales Ceraso de Primero Angostura y Vidal de JXL y las 7 personas que se presentan al cargo de la Defensoria.<\/strong><\/p>\n\n\n\n<p><strong><mark style=\"background-color:rgba(0, 0, 0, 0);color:#fc0404\" class=\"has-inline-color\">UN POCO DE HISTORIA<\/mark><\/strong><\/p>\n\n\n\n<figure class=\"wp-block-image size-large\"><img loading=\"lazy\" decoding=\"async\" width=\"1024\" height=\"769\" src=\"https:\/\/langtvvla.com.ar\/wp-content\/uploads\/2025\/08\/106867m88-1024x769.jpg\" alt=\"\" class=\"wp-image-8045\" srcset=\"https:\/\/langtvvla.com.ar\/wp-content\/uploads\/2025\/08\/106867m88-1024x769.jpg 1024w, https:\/\/langtvvla.com.ar\/wp-content\/uploads\/2025\/08\/106867m88-300x225.jpg 300w, https:\/\/langtvvla.com.ar\/wp-content\/uploads\/2025\/08\/106867m88-768x577.jpg 768w, https:\/\/langtvvla.com.ar\/wp-content\/uploads\/2025\/08\/106867m88-1536x1153.jpg 1536w, https:\/\/langtvvla.com.ar\/wp-content\/uploads\/2025\/08\/106867m88-2048x1538.jpg 2048w\" sizes=\"auto, (max-width: 1024px) 100vw, 1024px\" \/><\/figure>\n\n\n\n<p><strong>La historia de este cargo se remonta a Suecia 1807, donde se cre\u00f3 un ombudsman para dirimir conflictos entre rey y parlamento.<\/strong><\/p>\n\n\n\n<p><strong>En 1956 llega a Finlandia y post WW II a toda Europa y Am\u00e9rica.<\/strong><\/p>\n\n\n\n<p><strong>En Argentina hace 20 a\u00f1os est\u00e1 ac\u00e9fala porque el Congreso no la reestablece.<\/strong> <strong>Hace 31 a\u00f1os en Neuqu\u00e9n se creo pero a\u00fan hoy no lo reglamentan.<\/strong><\/p>\n\n\n\n<p><strong><mark style=\"background-color:rgba(0, 0, 0, 0);color:#f80404\" class=\"has-inline-color\">ROLES, FUNCIONES Y APTITUDES<\/mark><\/strong><\/p>\n\n\n\n<p><strong>En Angostura se cre\u00f3 por Ordenanza 4153\/24 y es uno de los lugares privilegiados, ya que s\u00f3lo hay en NQN, Centenario, Zapala y SMA, figura desde art 262 a 274 en COM<\/strong><\/p>\n\n\n\n<p><strong>Defensa de derechos vulnerados, recurre decisiones administrativas de Intendente, funcionarios y empresas estatales o privadas que presten servicios publicos que afecten a ciudadanos.<\/strong><\/p>\n\n\n\n<figure class=\"wp-block-image size-large\"><img loading=\"lazy\" decoding=\"async\" width=\"769\" height=\"1024\" src=\"https:\/\/langtvvla.com.ar\/wp-content\/uploads\/2025\/08\/106867m89-769x1024.jpg\" alt=\"\" class=\"wp-image-8046\" srcset=\"https:\/\/langtvvla.com.ar\/wp-content\/uploads\/2025\/08\/106867m89-769x1024.jpg 769w, https:\/\/langtvvla.com.ar\/wp-content\/uploads\/2025\/08\/106867m89-225x300.jpg 225w, https:\/\/langtvvla.com.ar\/wp-content\/uploads\/2025\/08\/106867m89-768x1023.jpg 768w, https:\/\/langtvvla.com.ar\/wp-content\/uploads\/2025\/08\/106867m89-1153x1536.jpg 1153w, https:\/\/langtvvla.com.ar\/wp-content\/uploads\/2025\/08\/106867m89-1538x2048.jpg 1538w, https:\/\/langtvvla.com.ar\/wp-content\/uploads\/2025\/08\/106867m89-scaled.jpg 1922w\" sizes=\"auto, (max-width: 769px) 100vw, 769px\" \/><\/figure>\n\n\n\n<p><strong>Es independiente, aut\u00e1rquica, su organizaci\u00f3n y funci\u00f3n est\u00e1 regida por CN, constituci\u00f3n NQN, ordenanzas<\/strong><\/p>\n\n\n\n<p><strong>Funciones tutelar y promover derechos, los elegidos afiliados a partidos pol\u00edticos  deben renunciar una vez electos, puede iniciar investigaciones de oficio ante acciones que afecten derechos, garant\u00edas e intereses, hace dict\u00e1menes pero no sanciona, puede pedir vista de expedientes y documentos.<\/strong><\/p>\n\n\n\n<p><strong>Actitud del Defensor, la Prensa, ONG y asociacion de vecinos ayudan en difusi\u00f3n le dan m\u00e1s poder al actuar de la Defensor\u00eda, la comunidad organizada es el sosten.<\/strong><\/p>\n\n\n\n<p><strong>Realiza informes trimestrales, el Defensor env\u00eda presupuesto al Intendente y luego de revisarlo lo manda a CD para que lo vote.<\/strong><\/p>\n\n\n\n<figure class=\"wp-block-embed is-type-video is-provider-youtube wp-block-embed-youtube wp-embed-aspect-16-9 wp-has-aspect-ratio\"><div class=\"wp-block-embed__wrapper\">\n<iframe loading=\"lazy\" title=\"JUAN DUTTO 2025\" width=\"500\" height=\"281\" src=\"https:\/\/www.youtube.com\/embed\/mO8dZI6zLnQ?feature=oembed\" frameborder=\"0\" allow=\"accelerometer; autoplay; clipboard-write; encrypted-media; gyroscope; picture-in-picture; web-share\" referrerpolicy=\"strict-origin-when-cross-origin\" allowfullscreen><\/iframe>\n<\/div><\/figure>\n\n\n\n<p><strong>Al finalizar el encuentro dialogamos en exclusiva con Juan Dutto, quien nos cont\u00f3 sobre qu\u00e9 es ser Defensor del Pueblo.<\/strong><\/p>\n\n\n\n<p><\/p>\n\n\n\n<p><\/p>\n","protected":false},"excerpt":{"rendered":"<p>Este viernes 1 en el CD se realiz\u00f3 la charla organizada por Primero Angostura sobre el rol del Defensor del Pueblo, dictada por Juan Dutto, uno de los primeros en ejercer ese cargo en Neuqu\u00e9n. Estuvo presente las Concejales Ceraso de Primero Angostura y Vidal de JXL y las 7 personas que se presentan al [&hellip;]<\/p>\n","protected":false},"author":1,"featured_media":8043,"comment_status":"open","ping_status":"open","sticky":false,"template":"","format":"standard","meta":{"footnotes":""},"categories":[28,36],"tags":[],"class_list":["post-8042","post","type-post","status-publish","format-standard","has-post-thumbnail","hentry","category-politica","category-sociedad"],"_links":{"self":[{"href":"https:\/\/langtvvla.com.ar\/index.php\/wp-json\/wp\/v2\/posts\/8042","targetHints":{"allow":["GET"]}}],"collection":[{"href":"https:\/\/langtvvla.com.ar\/index.php\/wp-json\/wp\/v2\/posts"}],"about":[{"href":"https:\/\/langtvvla.com.ar\/index.php\/wp-json\/wp\/v2\/types\/post"}],"author":[{"embeddable":true,"href":"https:\/\/langtvvla.com.ar\/index.php\/wp-json\/wp\/v2\/users\/1"}],"replies":[{"embeddable":true,"href":"https:\/\/langtvvla.com.ar\/index.php\/wp-json\/wp\/v2\/comments?post=8042"}],"version-history":[{"count":7,"href":"https:\/\/langtvvla.com.ar\/index.php\/wp-json\/wp\/v2\/posts\/8042\/revisions"}],"predecessor-version":[{"id":8053,"href":"https:\/\/langtvvla.com.ar\/index.php\/wp-json\/wp\/v2\/posts\/8042\/revisions\/8053"}],"wp:featuredmedia":[{"embeddable":true,"href":"https:\/\/langtvvla.com.ar\/index.php\/wp-json\/wp\/v2\/media\/8043"}],"wp:attachment":[{"href":"https:\/\/langtvvla.com.ar\/index.php\/wp-json\/wp\/v2\/media?parent=8042"}],"wp:term":[{"taxonomy":"category","embeddable":true,"href":"https:\/\/langtvvla.com.ar\/index.php\/wp-json\/wp\/v2\/categories?post=8042"},{"taxonomy":"post_tag","embeddable":true,"href":"https:\/\/langtvvla.com.ar\/index.php\/wp-json\/wp\/v2\/tags?post=8042"}],"curies":[{"name":"wp","href":"https:\/\/api.w.org\/{rel}","templated":true}]}}