{"id":8105,"date":"2025-08-09T18:41:06","date_gmt":"2025-08-09T16:41:06","guid":{"rendered":"https:\/\/langtvvla.com.ar\/?p=8105"},"modified":"2025-08-09T19:34:09","modified_gmt":"2025-08-09T17:34:09","slug":"politica-debemos-recuperar-lo-que-nos-quito-milei-carlos-quintriqueo","status":"publish","type":"post","link":"https:\/\/langtvvla.com.ar\/index.php\/2025\/08\/09\/politica-debemos-recuperar-lo-que-nos-quito-milei-carlos-quintriqueo\/","title":{"rendered":"POLITICA: DEBEMOS RECUPERAR LO QUE NOS QUITO MILEI (CARLOS QUINTRIQUEO)"},"content":{"rendered":"\n<figure class=\"wp-block-embed is-type-video is-provider-youtube wp-block-embed-youtube wp-embed-aspect-16-9 wp-has-aspect-ratio\"><div class=\"wp-block-embed__wrapper\">\n<iframe loading=\"lazy\" title=\"CARLOS QUINTRIQUEO, 8 AGOSTO 2025\" width=\"500\" height=\"281\" src=\"https:\/\/www.youtube.com\/embed\/OGxAysuG5OU?feature=oembed\" frameborder=\"0\" allow=\"accelerometer; autoplay; clipboard-write; encrypted-media; gyroscope; picture-in-picture; web-share\" referrerpolicy=\"strict-origin-when-cross-origin\" allowfullscreen><\/iframe>\n<\/div><\/figure>\n\n\n\n<p><strong>Este viernes 8 se present\u00f3 en Angostura el candidato a senador por el nuevo espacio pol\u00edtico M\u00e1s Por Neuqu\u00e9n,  Carlos Quintriqueo. <\/strong><\/p>\n\n\n\n<p><strong>En su charla con la gente explic\u00f3 que \u00abArmamos un partido porque desde la llegada de Milei y con la aprobaci\u00f3n de la ley Bases con el voto de la neuquina Crexell, a cambio de una embajada en Francia, nos vimos en la necesidad de crearlo por la crisis de representaci\u00f3n\u00bb.<\/strong><\/p>\n\n\n\n<p><strong>\u00abEstamos pagando las consecuencias del enojo con el gobierno anterior o porque creyeron que iba a ser para bien\u00bb.<\/strong><\/p>\n\n\n\n<p><strong>\u00abHoy hay muchos defraudados y nadie los representa, desde el gobierno buscan desmotivar, desmovilizados y que la gente no vaya a votar en octubre\u00bb.<\/strong><\/p>\n\n\n\n<figure class=\"wp-block-image size-large\"><img loading=\"lazy\" decoding=\"async\" width=\"1024\" height=\"769\" src=\"https:\/\/langtvvla.com.ar\/wp-content\/uploads\/2025\/08\/91-1024x769.jpg\" alt=\"\" class=\"wp-image-8113\" srcset=\"https:\/\/langtvvla.com.ar\/wp-content\/uploads\/2025\/08\/91-1024x769.jpg 1024w, https:\/\/langtvvla.com.ar\/wp-content\/uploads\/2025\/08\/91-300x225.jpg 300w, https:\/\/langtvvla.com.ar\/wp-content\/uploads\/2025\/08\/91-768x577.jpg 768w, https:\/\/langtvvla.com.ar\/wp-content\/uploads\/2025\/08\/91-1536x1153.jpg 1536w, https:\/\/langtvvla.com.ar\/wp-content\/uploads\/2025\/08\/91-2048x1538.jpg 2048w\" sizes=\"auto, (max-width: 1024px) 100vw, 1024px\" \/><\/figure>\n\n\n\n<p><mark style=\"background-color:rgba(0, 0, 0, 0);color:#fa0909\" class=\"has-inline-color\"><strong>PROBLEMAS QUE ENFRENTA LA SOCIEDAD<\/strong><\/mark><\/p>\n\n\n\n<p><strong>\u00abUna de las grandes cuestiones es la flexibilidad laboral, 1 a\u00f1o de prueba, por la ley Bases, se elimino los 3 meses y estabilidad\u00bb.<\/strong><\/p>\n\n\n\n<p><strong>\u00abCada vez va a haber menos aportantes al sistema jubilatorio, antes hab\u00eda medicaci\u00f3n gratis, ahora no, es como haberles bajado la jubilaci\u00f3n\u00bb.<\/strong><\/p>\n\n\n\n<p>\u00ab<strong>En 1 a\u00f1o 1 medio nos llevaron a lo que sucedi\u00f3 en 10 a\u00f1os en los 90&#8243;.<\/strong><\/p>\n\n\n\n<p>\u00ab<strong>Se desarm\u00f3 el Ministerio de Desarrollo Social, con la excusa de estafas con planes sociales abandonaron al pueblo\u00bb.<\/strong><\/p>\n\n\n\n<figure class=\"wp-block-image size-large\"><img loading=\"lazy\" decoding=\"async\" width=\"769\" height=\"1024\" src=\"https:\/\/langtvvla.com.ar\/wp-content\/uploads\/2025\/08\/92-769x1024.jpg\" alt=\"\" class=\"wp-image-8114\" srcset=\"https:\/\/langtvvla.com.ar\/wp-content\/uploads\/2025\/08\/92-769x1024.jpg 769w, https:\/\/langtvvla.com.ar\/wp-content\/uploads\/2025\/08\/92-225x300.jpg 225w, https:\/\/langtvvla.com.ar\/wp-content\/uploads\/2025\/08\/92-768x1023.jpg 768w, https:\/\/langtvvla.com.ar\/wp-content\/uploads\/2025\/08\/92-1153x1536.jpg 1153w, https:\/\/langtvvla.com.ar\/wp-content\/uploads\/2025\/08\/92-1538x2048.jpg 1538w, https:\/\/langtvvla.com.ar\/wp-content\/uploads\/2025\/08\/92-scaled.jpg 1922w\" sizes=\"auto, (max-width: 769px) 100vw, 769px\" \/><\/figure>\n\n\n\n<p><strong><mark style=\"background-color:rgba(0, 0, 0, 0);color:#f80202\" class=\"has-inline-color\">LA SOLUCION EMPIEZA POR RECUPERAR LO QUE SE PERDIO<\/mark><\/strong><\/p>\n\n\n\n<p>\u00ab<strong>La salida es la pol\u00edtica, que debe garantizar las necesidades b\u00e1sicas, salud, educaci\u00f3n, vivienda, seguridad\u00bb.<\/strong><\/p>\n\n\n\n<p><strong>\u00abNQN recibe 1,5 y aporta 4% a la coparticipacion, se reciben 30 familias por d\u00eda, hace falta una reforma impositiva que reduzca ingresos brutos a empresas por cada neuquino contratado\u00bb.<\/strong><\/p>\n\n\n\n<p><strong>\u00abHay que organizarse frente a la avanzada del gobierno, no hay que quedarse en casa con el enojo o se profundizar\u00e1 el ajuste y la privatizaci\u00f3n de lo p\u00fablico, como los Parques Nacionales\u00bb.<\/strong><\/p>\n\n\n\n<p><strong>\u00abHace 20 a\u00f1os que no hay planes de vivienda, las debe hacer el Estado y cobrarlas, reinstalar la Secretaria de&nbsp; Vivienda, pues el impuesto se sigue cobrando\u00bb.<\/strong><\/p>\n\n\n\n<figure class=\"wp-block-image size-large\"><img loading=\"lazy\" decoding=\"async\" width=\"1024\" height=\"769\" src=\"https:\/\/langtvvla.com.ar\/wp-content\/uploads\/2025\/08\/90-1024x769.jpg\" alt=\"\" class=\"wp-image-8112\" srcset=\"https:\/\/langtvvla.com.ar\/wp-content\/uploads\/2025\/08\/90-1024x769.jpg 1024w, https:\/\/langtvvla.com.ar\/wp-content\/uploads\/2025\/08\/90-300x225.jpg 300w, https:\/\/langtvvla.com.ar\/wp-content\/uploads\/2025\/08\/90-768x577.jpg 768w, https:\/\/langtvvla.com.ar\/wp-content\/uploads\/2025\/08\/90-1536x1153.jpg 1536w, https:\/\/langtvvla.com.ar\/wp-content\/uploads\/2025\/08\/90-2048x1538.jpg 2048w\" sizes=\"auto, (max-width: 1024px) 100vw, 1024px\" \/><\/figure>\n\n\n\n<p><strong>\u00abLa educaci\u00f3n tambi\u00e9n debe apuntar a los oficios, hace 12 a\u00f1os existe el boom Vaca Muerta y no se capacit\u00f3 a j\u00f3venes\u00bb.<\/strong><\/p>\n\n\n\n<p><strong>\u00abHay que penalizar a plataformas electorales que no se cumplen y promesas en p\u00fablico, por mentir, destitucion, la ficha limpia va a ser parcial porque la justicia est\u00e1 cuestionada\u00bb.<\/strong><\/p>\n\n\n\n<p><strong>\u00abSin reforma judicial las cosas no van a cambiar f\u00e1cilmente\u00bb.<\/strong><\/p>\n\n\n\n<p><strong>\u00abEl EPEN le subsidia la luz a Macri en Cumelen, deber\u00eda ser tarifa seg\u00fan ingresos, las escuelas privadas son subsidiados con pago de salarios, para eso s\u00ed sirve el Estado seg\u00fan los libertarios\u00bb.<\/strong><\/p>\n\n\n\n<figure class=\"wp-block-image size-large\"><img loading=\"lazy\" decoding=\"async\" width=\"769\" height=\"1024\" src=\"https:\/\/langtvvla.com.ar\/wp-content\/uploads\/2025\/08\/89-769x1024.jpg\" alt=\"\" class=\"wp-image-8111\" srcset=\"https:\/\/langtvvla.com.ar\/wp-content\/uploads\/2025\/08\/89-769x1024.jpg 769w, https:\/\/langtvvla.com.ar\/wp-content\/uploads\/2025\/08\/89-225x300.jpg 225w, https:\/\/langtvvla.com.ar\/wp-content\/uploads\/2025\/08\/89-768x1023.jpg 768w, https:\/\/langtvvla.com.ar\/wp-content\/uploads\/2025\/08\/89-1153x1536.jpg 1153w, https:\/\/langtvvla.com.ar\/wp-content\/uploads\/2025\/08\/89-1538x2048.jpg 1538w, https:\/\/langtvvla.com.ar\/wp-content\/uploads\/2025\/08\/89-scaled.jpg 1922w\" sizes=\"auto, (max-width: 769px) 100vw, 769px\" \/><\/figure>\n\n\n\n<p><strong>\u00abLa Emergencia Habitacional no se quiere declarar porque reconoce un problema, no obliga al Estado a tomar medidas como expropiar o comprar tierras\u00bb.<\/strong><\/p>\n\n\n\n<p><strong>\u00abHay que ver c\u00f3mo se devuelve el financiamiento, Naci\u00f3n no env\u00eda fondos para obra publica por ejemplo\u00bb.<\/strong><\/p>\n\n\n\n<p><strong>\u00abHay que discutir el da\u00f1o ambiental de Vaca Muerta, delimitar compra de tierras a extranjeros, evitar la contaminaci\u00f3n del agua por extractivismo\u00bb.<\/strong><\/p>\n","protected":false},"excerpt":{"rendered":"<p>Este viernes 8 se present\u00f3 en Angostura el candidato a senador por el nuevo espacio pol\u00edtico M\u00e1s Por Neuqu\u00e9n, Carlos Quintriqueo. En su charla con la gente explic\u00f3 que \u00abArmamos un partido porque desde la llegada de Milei y con la aprobaci\u00f3n de la ley Bases con el voto de la neuquina Crexell, a cambio [&hellip;]<\/p>\n","protected":false},"author":1,"featured_media":8109,"comment_status":"open","ping_status":"open","sticky":false,"template":"","format":"standard","meta":{"footnotes":""},"categories":[28],"tags":[],"class_list":["post-8105","post","type-post","status-publish","format-standard","has-post-thumbnail","hentry","category-politica"],"_links":{"self":[{"href":"https:\/\/langtvvla.com.ar\/index.php\/wp-json\/wp\/v2\/posts\/8105","targetHints":{"allow":["GET"]}}],"collection":[{"href":"https:\/\/langtvvla.com.ar\/index.php\/wp-json\/wp\/v2\/posts"}],"about":[{"href":"https:\/\/langtvvla.com.ar\/index.php\/wp-json\/wp\/v2\/types\/post"}],"author":[{"embeddable":true,"href":"https:\/\/langtvvla.com.ar\/index.php\/wp-json\/wp\/v2\/users\/1"}],"replies":[{"embeddable":true,"href":"https:\/\/langtvvla.com.ar\/index.php\/wp-json\/wp\/v2\/comments?post=8105"}],"version-history":[{"count":5,"href":"https:\/\/langtvvla.com.ar\/index.php\/wp-json\/wp\/v2\/posts\/8105\/revisions"}],"predecessor-version":[{"id":8118,"href":"https:\/\/langtvvla.com.ar\/index.php\/wp-json\/wp\/v2\/posts\/8105\/revisions\/8118"}],"wp:featuredmedia":[{"embeddable":true,"href":"https:\/\/langtvvla.com.ar\/index.php\/wp-json\/wp\/v2\/media\/8109"}],"wp:attachment":[{"href":"https:\/\/langtvvla.com.ar\/index.php\/wp-json\/wp\/v2\/media?parent=8105"}],"wp:term":[{"taxonomy":"category","embeddable":true,"href":"https:\/\/langtvvla.com.ar\/index.php\/wp-json\/wp\/v2\/categories?post=8105"},{"taxonomy":"post_tag","embeddable":true,"href":"https:\/\/langtvvla.com.ar\/index.php\/wp-json\/wp\/v2\/tags?post=8105"}],"curies":[{"name":"wp","href":"https:\/\/api.w.org\/{rel}","templated":true}]}}