{"id":8246,"date":"2025-08-21T19:11:49","date_gmt":"2025-08-21T17:11:49","guid":{"rendered":"https:\/\/langtvvla.com.ar\/?p=8246"},"modified":"2025-08-21T19:15:16","modified_gmt":"2025-08-21T17:15:16","slug":"politica-pre-campana-de-octubre-ncn-pone-primera","status":"publish","type":"post","link":"https:\/\/langtvvla.com.ar\/index.php\/2025\/08\/21\/politica-pre-campana-de-octubre-ncn-pone-primera\/","title":{"rendered":"POLITICA: PRE CAMPA\u00d1A DE OCTUBRE, NCN PONE PRIMERA"},"content":{"rendered":"\n<figure class=\"wp-block-image size-large\"><img loading=\"lazy\" decoding=\"async\" width=\"736\" height=\"1024\" src=\"https:\/\/langtvvla.com.ar\/wp-content\/uploads\/2025\/08\/IMG_20250821_132619-1-2-736x1024.jpg\" alt=\"\" class=\"wp-image-8248\" srcset=\"https:\/\/langtvvla.com.ar\/wp-content\/uploads\/2025\/08\/IMG_20250821_132619-1-2-736x1024.jpg 736w, https:\/\/langtvvla.com.ar\/wp-content\/uploads\/2025\/08\/IMG_20250821_132619-1-2-216x300.jpg 216w, https:\/\/langtvvla.com.ar\/wp-content\/uploads\/2025\/08\/IMG_20250821_132619-1-2-768x1068.jpg 768w, https:\/\/langtvvla.com.ar\/wp-content\/uploads\/2025\/08\/IMG_20250821_132619-1-2-1105x1536.jpg 1105w, https:\/\/langtvvla.com.ar\/wp-content\/uploads\/2025\/08\/IMG_20250821_132619-1-2-1473x2048.jpg 1473w, https:\/\/langtvvla.com.ar\/wp-content\/uploads\/2025\/08\/IMG_20250821_132619-1-2.jpg 1826w\" sizes=\"auto, (max-width: 736px) 100vw, 736px\" \/><\/figure>\n\n\n\n<p><strong>Este s\u00e1bado 23 NCN (Nuevo Compromiso Neuquino) comienza las reuniones para los preparativos de la campa\u00f1a electoral hacia las legislativas del 26 de octubre.<\/strong><\/p>\n\n\n\n<p><strong>El encuentro ser\u00e1 en el quincho del camping Unquehue, Av. Siete Lagos 727, a las 17hs, participar\u00e1n el concejal H\u00e9ctor Venica y otrxs integrantes de NCN.<\/strong><\/p>\n\n\n\n<p><strong>CREDITO FOTOS GENTILEZA NCN<\/strong><\/p>\n","protected":false},"excerpt":{"rendered":"<p>Este s\u00e1bado 23 NCN (Nuevo Compromiso Neuquino) comienza las reuniones para los preparativos de la campa\u00f1a electoral hacia las legislativas del 26 de octubre. El encuentro ser\u00e1 en el quincho del camping Unquehue, Av. Siete Lagos 727, a las 17hs, participar\u00e1n el concejal H\u00e9ctor Venica y otrxs integrantes de NCN. CREDITO FOTOS GENTILEZA NCN<\/p>\n","protected":false},"author":1,"featured_media":8251,"comment_status":"open","ping_status":"open","sticky":false,"template":"","format":"standard","meta":{"footnotes":""},"categories":[28],"tags":[],"class_list":["post-8246","post","type-post","status-publish","format-standard","has-post-thumbnail","hentry","category-politica"],"_links":{"self":[{"href":"https:\/\/langtvvla.com.ar\/index.php\/wp-json\/wp\/v2\/posts\/8246","targetHints":{"allow":["GET"]}}],"collection":[{"href":"https:\/\/langtvvla.com.ar\/index.php\/wp-json\/wp\/v2\/posts"}],"about":[{"href":"https:\/\/langtvvla.com.ar\/index.php\/wp-json\/wp\/v2\/types\/post"}],"author":[{"embeddable":true,"href":"https:\/\/langtvvla.com.ar\/index.php\/wp-json\/wp\/v2\/users\/1"}],"replies":[{"embeddable":true,"href":"https:\/\/langtvvla.com.ar\/index.php\/wp-json\/wp\/v2\/comments?post=8246"}],"version-history":[{"count":1,"href":"https:\/\/langtvvla.com.ar\/index.php\/wp-json\/wp\/v2\/posts\/8246\/revisions"}],"predecessor-version":[{"id":8249,"href":"https:\/\/langtvvla.com.ar\/index.php\/wp-json\/wp\/v2\/posts\/8246\/revisions\/8249"}],"wp:featuredmedia":[{"embeddable":true,"href":"https:\/\/langtvvla.com.ar\/index.php\/wp-json\/wp\/v2\/media\/8251"}],"wp:attachment":[{"href":"https:\/\/langtvvla.com.ar\/index.php\/wp-json\/wp\/v2\/media?parent=8246"}],"wp:term":[{"taxonomy":"category","embeddable":true,"href":"https:\/\/langtvvla.com.ar\/index.php\/wp-json\/wp\/v2\/categories?post=8246"},{"taxonomy":"post_tag","embeddable":true,"href":"https:\/\/langtvvla.com.ar\/index.php\/wp-json\/wp\/v2\/tags?post=8246"}],"curies":[{"name":"wp","href":"https:\/\/api.w.org\/{rel}","templated":true}]}}