{"id":8253,"date":"2025-08-21T19:33:57","date_gmt":"2025-08-21T17:33:57","guid":{"rendered":"https:\/\/langtvvla.com.ar\/?p=8253"},"modified":"2025-09-26T02:05:19","modified_gmt":"2025-09-26T00:05:19","slug":"sociedad-defensoria-del-pueblo-juraron-autoridades","status":"publish","type":"post","link":"https:\/\/langtvvla.com.ar\/index.php\/2025\/08\/21\/sociedad-defensoria-del-pueblo-juraron-autoridades\/","title":{"rendered":"SOCIEDAD: DEFENSORIA DEL PUEBLO, JURARON AUTORIDADES"},"content":{"rendered":"\n<figure class=\"wp-block-embed is-type-video is-provider-youtube wp-block-embed-youtube wp-embed-aspect-16-9 wp-has-aspect-ratio\"><div class=\"wp-block-embed__wrapper\">\n<iframe loading=\"lazy\" title=\"DELIBERANTE 2025\" width=\"500\" height=\"281\" src=\"https:\/\/www.youtube.com\/embed\/rzzSRqOdW18?feature=oembed\" frameborder=\"0\" allow=\"accelerometer; autoplay; clipboard-write; encrypted-media; gyroscope; picture-in-picture; web-share\" referrerpolicy=\"strict-origin-when-cross-origin\" allowfullscreen><\/iframe>\n<\/div><figcaption class=\"wp-element-caption\"><strong>Este jueves 21 de agosto juraron las autoridades de la Defensor\u00eda del Pueblo, el Defensor Sebasti\u00e1n Baltanas y el Adjunto Mat\u00edas Herrera.<\/strong><\/figcaption><\/figure>\n\n\n\n<p><strong>La toma de juramento la realiz\u00f3 el Intendente Murer, del acto en el Concejo Deliberante participaron funcionarixs, la Jueza de Faltas Aldea, el Comisario Oviedo de la 28, Ana Pacheco (candidata a la Defensor\u00eda) y vecinxs, que colmaron la sala Rolando.<\/strong><\/p>\n","protected":false},"excerpt":{"rendered":"<p>La toma de juramento la realiz\u00f3 el Intendente Murer, del acto en el Concejo Deliberante participaron funcionarixs, la Jueza de Faltas Aldea, el Comisario Oviedo de la 28, Ana Pacheco (candidata a la Defensor\u00eda) y vecinxs, que colmaron la sala Rolando.<\/p>\n","protected":false},"author":1,"featured_media":8254,"comment_status":"open","ping_status":"open","sticky":false,"template":"","format":"standard","meta":{"footnotes":""},"categories":[28,36],"tags":[],"class_list":["post-8253","post","type-post","status-publish","format-standard","has-post-thumbnail","hentry","category-politica","category-sociedad"],"_links":{"self":[{"href":"https:\/\/langtvvla.com.ar\/index.php\/wp-json\/wp\/v2\/posts\/8253","targetHints":{"allow":["GET"]}}],"collection":[{"href":"https:\/\/langtvvla.com.ar\/index.php\/wp-json\/wp\/v2\/posts"}],"about":[{"href":"https:\/\/langtvvla.com.ar\/index.php\/wp-json\/wp\/v2\/types\/post"}],"author":[{"embeddable":true,"href":"https:\/\/langtvvla.com.ar\/index.php\/wp-json\/wp\/v2\/users\/1"}],"replies":[{"embeddable":true,"href":"https:\/\/langtvvla.com.ar\/index.php\/wp-json\/wp\/v2\/comments?post=8253"}],"version-history":[{"count":6,"href":"https:\/\/langtvvla.com.ar\/index.php\/wp-json\/wp\/v2\/posts\/8253\/revisions"}],"predecessor-version":[{"id":8540,"href":"https:\/\/langtvvla.com.ar\/index.php\/wp-json\/wp\/v2\/posts\/8253\/revisions\/8540"}],"wp:featuredmedia":[{"embeddable":true,"href":"https:\/\/langtvvla.com.ar\/index.php\/wp-json\/wp\/v2\/media\/8254"}],"wp:attachment":[{"href":"https:\/\/langtvvla.com.ar\/index.php\/wp-json\/wp\/v2\/media?parent=8253"}],"wp:term":[{"taxonomy":"category","embeddable":true,"href":"https:\/\/langtvvla.com.ar\/index.php\/wp-json\/wp\/v2\/categories?post=8253"},{"taxonomy":"post_tag","embeddable":true,"href":"https:\/\/langtvvla.com.ar\/index.php\/wp-json\/wp\/v2\/tags?post=8253"}],"curies":[{"name":"wp","href":"https:\/\/api.w.org\/{rel}","templated":true}]}}