{"id":8279,"date":"2025-08-25T20:02:09","date_gmt":"2025-08-25T18:02:09","guid":{"rendered":"https:\/\/langtvvla.com.ar\/?p=8279"},"modified":"2025-08-25T20:41:15","modified_gmt":"2025-08-25T18:41:15","slug":"politica-las-listas-para-octubre","status":"publish","type":"post","link":"https:\/\/langtvvla.com.ar\/index.php\/2025\/08\/25\/politica-las-listas-para-octubre\/","title":{"rendered":"POLITICA: LAS LISTAS PARA OCTUBRE"},"content":{"rendered":"\n<p><strong>Se han oficializado en Neuqu\u00e9n las listas para las legislativas del 26 de octubre, son 8 para el Senado y Diputados y 1 m\u00e1s s\u00f3lo con candidatos para \u00e9sta \u00faltima.<\/strong><\/p>\n\n\n\n<p><strong>Se renuevan 3 cargos en cada C\u00e1mara y la campa\u00f1a comienza este mi\u00e9rcoles 27.<\/strong> <strong>De destacar que el (otrora) poderoso y omnipresente MPN no participar\u00e1 de estas elecciones.<\/strong><\/p>\n\n\n\n<p><strong><mark style=\"background-color:rgba(0, 0, 0, 0);color:#fa0b0b\" class=\"has-inline-color\">PARA EL SENADO<\/mark><\/strong><\/p>\n\n\n\n<figure class=\"wp-block-image size-large\"><img loading=\"lazy\" decoding=\"async\" width=\"1024\" height=\"683\" src=\"https:\/\/langtvvla.com.ar\/wp-content\/uploads\/2025\/08\/1er-y-2do-senadores-nacionales-1024x683.jpg\" alt=\"\" class=\"wp-image-8280\" srcset=\"https:\/\/langtvvla.com.ar\/wp-content\/uploads\/2025\/08\/1er-y-2do-senadores-nacionales-1024x683.jpg 1024w, https:\/\/langtvvla.com.ar\/wp-content\/uploads\/2025\/08\/1er-y-2do-senadores-nacionales-300x200.jpg 300w, https:\/\/langtvvla.com.ar\/wp-content\/uploads\/2025\/08\/1er-y-2do-senadores-nacionales-768x512.jpg 768w, https:\/\/langtvvla.com.ar\/wp-content\/uploads\/2025\/08\/1er-y-2do-senadores-nacionales.jpg 1080w\" sizes=\"auto, (max-width: 1024px) 100vw, 1024px\" \/><\/figure>\n\n\n\n<p><strong>Movimiento al Socialismo (lista 13): Maximiliano Irrazabal y Fernanda Christiansen<\/strong><\/p>\n\n\n\n<figure class=\"wp-block-image size-full\"><img loading=\"lazy\" decoding=\"async\" width=\"300\" height=\"168\" src=\"https:\/\/langtvvla.com.ar\/wp-content\/uploads\/2025\/08\/images-2.jpeg\" alt=\"\" class=\"wp-image-8281\"\/><\/figure>\n\n\n\n<p><strong>La Libertad Avanza (lista 96): Nadia M\u00e1rquez y Pablo Cervi<\/strong><\/p>\n\n\n\n<p><strong>Desarrollo Ciudadano (lista 190, el partido de la ex Vicegobernadora Gloria Ruiz): Luis V\u00e1zquez y Mireya del Carmen Barros<\/strong><\/p>\n\n\n\n<figure class=\"wp-block-image size-large\"><img loading=\"lazy\" decoding=\"async\" width=\"1024\" height=\"683\" src=\"https:\/\/langtvvla.com.ar\/wp-content\/uploads\/2025\/08\/neuquen-carlos-eguia-fotos-yamil-regules-1024x683.jpeg\" alt=\"\" class=\"wp-image-8282\" srcset=\"https:\/\/langtvvla.com.ar\/wp-content\/uploads\/2025\/08\/neuquen-carlos-eguia-fotos-yamil-regules-1024x683.jpeg 1024w, https:\/\/langtvvla.com.ar\/wp-content\/uploads\/2025\/08\/neuquen-carlos-eguia-fotos-yamil-regules-300x200.jpeg 300w, https:\/\/langtvvla.com.ar\/wp-content\/uploads\/2025\/08\/neuquen-carlos-eguia-fotos-yamil-regules-768x512.jpeg 768w, https:\/\/langtvvla.com.ar\/wp-content\/uploads\/2025\/08\/neuquen-carlos-eguia-fotos-yamil-regules.jpeg 1080w\" sizes=\"auto, (max-width: 1024px) 100vw, 1024px\" \/><\/figure>\n\n\n\n<p><strong>Fuerza Libertaria (lista 195): Carlos Egu\u00eda y Cintia Meri\u00f1o<\/strong><\/p>\n\n\n\n<figure class=\"wp-block-image size-full\"><img loading=\"lazy\" decoding=\"async\" width=\"665\" height=\"348\" src=\"https:\/\/langtvvla.com.ar\/wp-content\/uploads\/2025\/08\/WhatsApp-Image-2025-08-11-at-8.46.10-PM-1.jpeg\" alt=\"\" class=\"wp-image-8283\" srcset=\"https:\/\/langtvvla.com.ar\/wp-content\/uploads\/2025\/08\/WhatsApp-Image-2025-08-11-at-8.46.10-PM-1.jpeg 665w, https:\/\/langtvvla.com.ar\/wp-content\/uploads\/2025\/08\/WhatsApp-Image-2025-08-11-at-8.46.10-PM-1-300x157.jpeg 300w\" sizes=\"auto, (max-width: 665px) 100vw, 665px\" \/><\/figure>\n\n\n\n<p><strong>M\u00e1s por Neuqu\u00e9n (lista 197): Carlos Quintriqueo y Ana Sandoval<\/strong><\/p>\n\n\n\n<figure class=\"wp-block-image size-large\"><img loading=\"lazy\" decoding=\"async\" width=\"1024\" height=\"683\" src=\"https:\/\/langtvvla.com.ar\/wp-content\/uploads\/2025\/08\/Nqn-Presentacion-legislativas-la-neuquinidad-Emiliano-Ortiz-23-1024x683.jpg\" alt=\"\" class=\"wp-image-8284\" srcset=\"https:\/\/langtvvla.com.ar\/wp-content\/uploads\/2025\/08\/Nqn-Presentacion-legislativas-la-neuquinidad-Emiliano-Ortiz-23-1024x683.jpg 1024w, https:\/\/langtvvla.com.ar\/wp-content\/uploads\/2025\/08\/Nqn-Presentacion-legislativas-la-neuquinidad-Emiliano-Ortiz-23-300x200.jpg 300w, https:\/\/langtvvla.com.ar\/wp-content\/uploads\/2025\/08\/Nqn-Presentacion-legislativas-la-neuquinidad-Emiliano-Ortiz-23-768x512.jpg 768w, https:\/\/langtvvla.com.ar\/wp-content\/uploads\/2025\/08\/Nqn-Presentacion-legislativas-la-neuquinidad-Emiliano-Ortiz-23.jpg 1536w\" sizes=\"auto, (max-width: 1024px) 100vw, 1024px\" \/><\/figure>\n\n\n\n<p><strong>La Neuquinidad (lista 501, integrada por Comunidad, Avanzar Neuqu\u00e9n, PRO, Arriba Neuqu\u00e9n, Nuevo Compromiso Neuquino, Uni\u00f3n Popular Federal, Frente Grande y el Partido Socialista): Julieta Corroza y Juan Ousset<\/strong><\/p>\n\n\n\n<figure class=\"wp-block-image size-large\"><img loading=\"lazy\" decoding=\"async\" width=\"1024\" height=\"676\" src=\"https:\/\/langtvvla.com.ar\/wp-content\/uploads\/2025\/08\/neuquen-entrevista-Silvia-Sapag-foto-ceci-maletti-04-1024x676.jpg\" alt=\"\" class=\"wp-image-8285\" srcset=\"https:\/\/langtvvla.com.ar\/wp-content\/uploads\/2025\/08\/neuquen-entrevista-Silvia-Sapag-foto-ceci-maletti-04-1024x676.jpg 1024w, https:\/\/langtvvla.com.ar\/wp-content\/uploads\/2025\/08\/neuquen-entrevista-Silvia-Sapag-foto-ceci-maletti-04-300x198.jpg 300w, https:\/\/langtvvla.com.ar\/wp-content\/uploads\/2025\/08\/neuquen-entrevista-Silvia-Sapag-foto-ceci-maletti-04-768x507.jpg 768w, https:\/\/langtvvla.com.ar\/wp-content\/uploads\/2025\/08\/neuquen-entrevista-Silvia-Sapag-foto-ceci-maletti-04.jpg 1091w\" sizes=\"auto, (max-width: 1024px) 100vw, 1024px\" \/><\/figure>\n\n\n\n<p><strong>Fuerza Patria (lista 502, integrada por PJ, El Frente y la Participaci\u00f3n, el Partido Solidario y Libres del Sur): Silvia Sapag y Sebasti\u00e1n Villegas<\/strong><\/p>\n\n\n\n<figure class=\"wp-block-image size-large\"><img loading=\"lazy\" decoding=\"async\" width=\"1024\" height=\"576\" src=\"https:\/\/langtvvla.com.ar\/wp-content\/uploads\/2025\/08\/andres-blanco-frente-izquierda-1024x576.jpeg\" alt=\"\" class=\"wp-image-8286\" srcset=\"https:\/\/langtvvla.com.ar\/wp-content\/uploads\/2025\/08\/andres-blanco-frente-izquierda-1024x576.jpeg 1024w, https:\/\/langtvvla.com.ar\/wp-content\/uploads\/2025\/08\/andres-blanco-frente-izquierda-300x169.jpeg 300w, https:\/\/langtvvla.com.ar\/wp-content\/uploads\/2025\/08\/andres-blanco-frente-izquierda-768x432.jpeg 768w, https:\/\/langtvvla.com.ar\/wp-content\/uploads\/2025\/08\/andres-blanco-frente-izquierda.jpeg 1200w\" sizes=\"auto, (max-width: 1024px) 100vw, 1024px\" \/><\/figure>\n\n\n\n<p><strong>FIT Unidad (lista 503, integrado por PTS, Partido Obrero, Izquierda Socialista y el MST): Andr\u00e9s Blanco y Priscila Otton Araneda<\/strong><\/p>\n\n\n\n<p><strong><mark style=\"background-color:rgba(0, 0, 0, 0);color:#f70a0a\" class=\"has-inline-color\">PARA DIPUTADOS<\/mark><\/strong><\/p>\n\n\n\n<p><strong>Movimiento al Socialismo (lista 13): Keila Riquelme, Dar\u00edo Guti\u00e9rrez, Silvia Priolo<\/strong><\/p>\n\n\n\n<p><strong>Unidad Popular (lista 72, kirchneristas): Claudio V\u00e1zquez, Anah\u00ed Ruarte, Santiago Quintulen<\/strong><\/p>\n\n\n\n<p><strong>La Libertad Avanza (lista 96): Gast\u00f3n Riesco, Soledad Mondaca, Joaqu\u00edn Figueroa<\/strong><\/p>\n\n\n\n<p><strong>Desarrollo Ciudadano (lista 190): Gloria Ruiz, Carlos Cides, Laura Nievas<\/strong><\/p>\n\n\n\n<p><strong>Fuerza Libertaria (lista 195): Joaqu\u00edn Egu\u00eda, Beatriz Victoria, Mariano Rolla<\/strong><\/p>\n\n\n\n<p><strong>M\u00e1s por Neuqu\u00e9n (lista 197): Amancay Audisio, Ram\u00f3n Fabi\u00e1n Palavecino, Malena Julieta Ortiz<\/strong><\/p>\n\n\n\n<p><strong>La Neuquinidad (lista 501): Karina Maureira, Joaqu\u00edn Perr\u00e9n, Mar\u00eda Jos\u00e9 Rodr\u00edguez<\/strong><\/p>\n\n\n\n<p><strong>Fuerza Patria (lista 502): Beatriz Gentile, Fernando Pieroni, Mercedes Lamarca<\/strong><\/p>\n\n\n\n<p><strong>FIT Unidad (lista 503): Julieta Ocampo, C\u00e9sar Parra, Florencia Beltr\u00e1n<\/strong><\/p>\n\n\n\n<p><strong>CREDITO FOTOS WEB<\/strong><\/p>\n","protected":false},"excerpt":{"rendered":"<p>Se han oficializado en Neuqu\u00e9n las listas para las legislativas del 26 de octubre, son 8 para el Senado y Diputados y 1 m\u00e1s s\u00f3lo con candidatos para \u00e9sta \u00faltima. Se renuevan 3 cargos en cada C\u00e1mara y la campa\u00f1a comienza este mi\u00e9rcoles 27. De destacar que el (otrora) poderoso y omnipresente MPN no participar\u00e1 [&hellip;]<\/p>\n","protected":false},"author":1,"featured_media":8290,"comment_status":"open","ping_status":"open","sticky":false,"template":"","format":"standard","meta":{"footnotes":""},"categories":[28],"tags":[],"class_list":["post-8279","post","type-post","status-publish","format-standard","has-post-thumbnail","hentry","category-politica"],"_links":{"self":[{"href":"https:\/\/langtvvla.com.ar\/index.php\/wp-json\/wp\/v2\/posts\/8279","targetHints":{"allow":["GET"]}}],"collection":[{"href":"https:\/\/langtvvla.com.ar\/index.php\/wp-json\/wp\/v2\/posts"}],"about":[{"href":"https:\/\/langtvvla.com.ar\/index.php\/wp-json\/wp\/v2\/types\/post"}],"author":[{"embeddable":true,"href":"https:\/\/langtvvla.com.ar\/index.php\/wp-json\/wp\/v2\/users\/1"}],"replies":[{"embeddable":true,"href":"https:\/\/langtvvla.com.ar\/index.php\/wp-json\/wp\/v2\/comments?post=8279"}],"version-history":[{"count":2,"href":"https:\/\/langtvvla.com.ar\/index.php\/wp-json\/wp\/v2\/posts\/8279\/revisions"}],"predecessor-version":[{"id":8289,"href":"https:\/\/langtvvla.com.ar\/index.php\/wp-json\/wp\/v2\/posts\/8279\/revisions\/8289"}],"wp:featuredmedia":[{"embeddable":true,"href":"https:\/\/langtvvla.com.ar\/index.php\/wp-json\/wp\/v2\/media\/8290"}],"wp:attachment":[{"href":"https:\/\/langtvvla.com.ar\/index.php\/wp-json\/wp\/v2\/media?parent=8279"}],"wp:term":[{"taxonomy":"category","embeddable":true,"href":"https:\/\/langtvvla.com.ar\/index.php\/wp-json\/wp\/v2\/categories?post=8279"},{"taxonomy":"post_tag","embeddable":true,"href":"https:\/\/langtvvla.com.ar\/index.php\/wp-json\/wp\/v2\/tags?post=8279"}],"curies":[{"name":"wp","href":"https:\/\/api.w.org\/{rel}","templated":true}]}}