{"id":8299,"date":"2025-08-27T23:58:35","date_gmt":"2025-08-27T21:58:35","guid":{"rendered":"https:\/\/langtvvla.com.ar\/?p=8299"},"modified":"2025-08-28T00:11:15","modified_gmt":"2025-08-27T22:11:15","slug":"politica-declaracion-de-interes-marcha-del-orgullo-y-mas-plusvalias-proyectos-del-deliberante","status":"publish","type":"post","link":"https:\/\/langtvvla.com.ar\/index.php\/2025\/08\/27\/politica-declaracion-de-interes-marcha-del-orgullo-y-mas-plusvalias-proyectos-del-deliberante\/","title":{"rendered":"POLITICA: DECLARACION DE INTERES MARCHA DEL ORGULLO Y MAS PLUSVALIAS, PROYECTOS DEL DELIBERANTE"},"content":{"rendered":"\n<figure class=\"wp-block-embed is-type-video is-provider-youtube wp-block-embed-youtube wp-embed-aspect-16-9 wp-has-aspect-ratio\"><div class=\"wp-block-embed__wrapper\">\n<iframe loading=\"lazy\" title=\"DELIBERANTE 2025\" width=\"500\" height=\"281\" src=\"https:\/\/www.youtube.com\/embed\/8c1U5SY72Do?feature=oembed\" frameborder=\"0\" allow=\"accelerometer; autoplay; clipboard-write; encrypted-media; gyroscope; picture-in-picture; web-share\" referrerpolicy=\"strict-origin-when-cross-origin\" allowfullscreen><\/iframe>\n<\/div><\/figure>\n\n\n\n<p><strong>Este mi\u00e9rcoles 27 se realiz\u00f3 una nueva Sesi\u00f3n Ordinaria del Deliberante, donde no hubo muchos temas tratados en el Orden del D\u00eda <\/strong><\/p>\n\n\n\n<p><strong>Los sobresalientes fueron la Declaraci\u00f3n de Inter\u00e9s de la pr\u00f3xima marcha del orgullo LGBTIQ, la aprobaci\u00f3n de una excepci\u00f3n de ampliaci\u00f3n del FOS a una maderera, con plusval\u00eda mediante.<\/strong><\/p>\n\n\n\n<p><strong>Dentro de los rechazos: un pedido de aprobaci\u00f3n de adhesi\u00f3n a una resoluci\u00f3n de la Secretaria de Comercio de la Naci\u00f3n, presentado por JXLL, por 4-3 (Vidal, Ceraso, Mesa), del oficialismo s\u00f3lo us\u00f3 la palabra el concejal Andrade, quien aclar\u00f3 que no acompa\u00f1aba porque necesitaba m\u00e1s an\u00e1lisis del asunto, m\u00e1s teniendo en cuenta la existencia de varios convenios firmados por la Municipalidad y el desconocimiento de c\u00f3mo afectar\u00eda si adher\u00edan a esa resoluci\u00f3n.<\/strong><\/p>\n","protected":false},"excerpt":{"rendered":"<p>Este mi\u00e9rcoles 27 se realiz\u00f3 una nueva Sesi\u00f3n Ordinaria del Deliberante, donde no hubo muchos temas tratados en el Orden del D\u00eda Los sobresalientes fueron la Declaraci\u00f3n de Inter\u00e9s de la pr\u00f3xima marcha del orgullo LGBTIQ, la aprobaci\u00f3n de una excepci\u00f3n de ampliaci\u00f3n del FOS a una maderera, con plusval\u00eda mediante. Dentro de los rechazos: [&hellip;]<\/p>\n","protected":false},"author":1,"featured_media":8174,"comment_status":"open","ping_status":"open","sticky":false,"template":"","format":"standard","meta":{"footnotes":""},"categories":[28],"tags":[],"class_list":["post-8299","post","type-post","status-publish","format-standard","has-post-thumbnail","hentry","category-politica"],"_links":{"self":[{"href":"https:\/\/langtvvla.com.ar\/index.php\/wp-json\/wp\/v2\/posts\/8299","targetHints":{"allow":["GET"]}}],"collection":[{"href":"https:\/\/langtvvla.com.ar\/index.php\/wp-json\/wp\/v2\/posts"}],"about":[{"href":"https:\/\/langtvvla.com.ar\/index.php\/wp-json\/wp\/v2\/types\/post"}],"author":[{"embeddable":true,"href":"https:\/\/langtvvla.com.ar\/index.php\/wp-json\/wp\/v2\/users\/1"}],"replies":[{"embeddable":true,"href":"https:\/\/langtvvla.com.ar\/index.php\/wp-json\/wp\/v2\/comments?post=8299"}],"version-history":[{"count":2,"href":"https:\/\/langtvvla.com.ar\/index.php\/wp-json\/wp\/v2\/posts\/8299\/revisions"}],"predecessor-version":[{"id":8301,"href":"https:\/\/langtvvla.com.ar\/index.php\/wp-json\/wp\/v2\/posts\/8299\/revisions\/8301"}],"wp:featuredmedia":[{"embeddable":true,"href":"https:\/\/langtvvla.com.ar\/index.php\/wp-json\/wp\/v2\/media\/8174"}],"wp:attachment":[{"href":"https:\/\/langtvvla.com.ar\/index.php\/wp-json\/wp\/v2\/media?parent=8299"}],"wp:term":[{"taxonomy":"category","embeddable":true,"href":"https:\/\/langtvvla.com.ar\/index.php\/wp-json\/wp\/v2\/categories?post=8299"},{"taxonomy":"post_tag","embeddable":true,"href":"https:\/\/langtvvla.com.ar\/index.php\/wp-json\/wp\/v2\/tags?post=8299"}],"curies":[{"name":"wp","href":"https:\/\/api.w.org\/{rel}","templated":true}]}}