{"id":8421,"date":"2025-09-11T20:13:24","date_gmt":"2025-09-11T18:13:24","guid":{"rendered":"https:\/\/langtvvla.com.ar\/?p=8421"},"modified":"2025-09-11T20:55:57","modified_gmt":"2025-09-11T18:55:57","slug":"politica-angostura-da-lucha-al-suicidio","status":"publish","type":"post","link":"https:\/\/langtvvla.com.ar\/index.php\/2025\/09\/11\/politica-angostura-da-lucha-al-suicidio\/","title":{"rendered":"POLITICA: ANGOSTURA DA LUCHA AL SUICIDIO"},"content":{"rendered":"\n<figure class=\"wp-block-embed is-type-video is-provider-youtube wp-block-embed-youtube wp-embed-aspect-16-9 wp-has-aspect-ratio\"><div class=\"wp-block-embed__wrapper\">\n<iframe loading=\"lazy\" title=\"DELIBERANTE 2025\" width=\"500\" height=\"281\" src=\"https:\/\/www.youtube.com\/embed\/fT2xIzvftuk?feature=oembed\" frameborder=\"0\" allow=\"accelerometer; autoplay; clipboard-write; encrypted-media; gyroscope; picture-in-picture; web-share\" referrerpolicy=\"strict-origin-when-cross-origin\" allowfullscreen><\/iframe>\n<\/div><figcaption class=\"wp-element-caption\"><strong>Este 10 de septiembre, en una nueva Sesi\u00f3n, el Deliberante aprob\u00f3 la Declaraci\u00f3n de Inter\u00e9s a la actividad de concientizacion por el D\u00eda Internacional de Prevenci\u00f3n del Suicidio organizado por la Secretar\u00eda de Ciudadan\u00eda.<\/strong><\/figcaption><\/figure>\n\n\n\n<figure class=\"wp-block-image size-large\"><img loading=\"lazy\" decoding=\"async\" width=\"1024\" height=\"769\" src=\"https:\/\/langtvvla.com.ar\/wp-content\/uploads\/2025\/09\/106867m10n31-1024x769.jpg\" alt=\"\" class=\"wp-image-8426\" srcset=\"https:\/\/langtvvla.com.ar\/wp-content\/uploads\/2025\/09\/106867m10n31-1024x769.jpg 1024w, https:\/\/langtvvla.com.ar\/wp-content\/uploads\/2025\/09\/106867m10n31-300x225.jpg 300w, https:\/\/langtvvla.com.ar\/wp-content\/uploads\/2025\/09\/106867m10n31-768x577.jpg 768w, https:\/\/langtvvla.com.ar\/wp-content\/uploads\/2025\/09\/106867m10n31-1536x1153.jpg 1536w, https:\/\/langtvvla.com.ar\/wp-content\/uploads\/2025\/09\/106867m10n31-2048x1538.jpg 2048w\" sizes=\"auto, (max-width: 1024px) 100vw, 1024px\" \/><\/figure>\n\n\n\n<p><strong>Consisti\u00f3 en repartir folletos con informaci\u00f3n y un lazo de color naranja, por las calles c\u00e9ntricas.<\/strong><\/p>\n\n\n\n<figure class=\"wp-block-image size-large\"><img loading=\"lazy\" decoding=\"async\" width=\"1024\" height=\"769\" src=\"https:\/\/langtvvla.com.ar\/wp-content\/uploads\/2025\/09\/106867m10n3120250911_151208-1024x769.jpg\" alt=\"\" class=\"wp-image-8427\" srcset=\"https:\/\/langtvvla.com.ar\/wp-content\/uploads\/2025\/09\/106867m10n3120250911_151208-1024x769.jpg 1024w, https:\/\/langtvvla.com.ar\/wp-content\/uploads\/2025\/09\/106867m10n3120250911_151208-300x225.jpg 300w, https:\/\/langtvvla.com.ar\/wp-content\/uploads\/2025\/09\/106867m10n3120250911_151208-768x577.jpg 768w, https:\/\/langtvvla.com.ar\/wp-content\/uploads\/2025\/09\/106867m10n3120250911_151208-1536x1153.jpg 1536w, https:\/\/langtvvla.com.ar\/wp-content\/uploads\/2025\/09\/106867m10n3120250911_151208-2048x1538.jpg 2048w\" sizes=\"auto, (max-width: 1024px) 100vw, 1024px\" \/><\/figure>\n\n\n\n<p><strong>Tambi\u00e9n durante el tratamiento el concejal Andrade ley\u00f3 unas recomendaciones para los medios de comunicaci\u00f3n, en cuanto a c\u00f3mo deben tratar una noticia que involucre la cuesti\u00f3n de un suicidio, por motivos de respeto y evitar un efecto de imitaci\u00f3n:<\/strong><\/p>\n\n\n\n<div class=\"wp-block-file\"><a id=\"wp-block-file--media-d347ddf3-006d-495f-aa3b-e7ab8e8470a0\" href=\"https:\/\/langtvvla.com.ar\/wp-content\/uploads\/2025\/09\/DECLA-N\u00b0-17-Declaracion-de-Interes-Municipal-al-Dia-Internacional-de-la-Prevencion-del-Suicidio.-.doc\">DECLA-N\u00b0-17-Declaracion-de-Interes-Municipal-al-Dia-Internacional-de-la-Prevencion-del-Suicidio.-<\/a><a href=\"https:\/\/langtvvla.com.ar\/wp-content\/uploads\/2025\/09\/DECLA-N\u00b0-17-Declaracion-de-Interes-Municipal-al-Dia-Internacional-de-la-Prevencion-del-Suicidio.-.doc\" class=\"wp-block-file__button wp-element-button\" download aria-describedby=\"wp-block-file--media-d347ddf3-006d-495f-aa3b-e7ab8e8470a0\">Descarga<\/a><\/div>\n\n\n\n<p><strong>1-no identificar a la persona que se suicid\u00f3 <\/strong><\/p>\n\n\n\n<p><strong>2-no describir el m\u00e9todo utilizado para terminar con su vida<\/strong><\/p>\n\n\n\n<p><strong>3-no especificar la localizaci\u00f3n donde se produjo el hecho<\/strong><\/p>\n\n\n\n<p><strong>4-no difundir el hecho como destacado<\/strong><\/p>\n\n\n\n<div class=\"wp-block-file\"><a id=\"wp-block-file--media-09d7e525-93ad-4376-a36e-3222c9733e25\" href=\"https:\/\/langtvvla.com.ar\/wp-content\/uploads\/2025\/09\/DECLA-N\u00b0-18-Declaracion-de-Interes-Municipal-al-Encuentro-Contar-con-ESI-Relatos-y-Experiencias-de-la-ESI-en-el-Territorio.-.doc\">DECLA-N\u00b0-18-Declaracion-de-Interes-Municipal-al-Encuentro-Contar-con-ESI-Relatos-y-Experiencias-de-la-ESI-en-el-Territorio.-<\/a><a href=\"https:\/\/langtvvla.com.ar\/wp-content\/uploads\/2025\/09\/DECLA-N\u00b0-18-Declaracion-de-Interes-Municipal-al-Encuentro-Contar-con-ESI-Relatos-y-Experiencias-de-la-ESI-en-el-Territorio.-.doc\" class=\"wp-block-file__button wp-element-button\" download aria-describedby=\"wp-block-file--media-09d7e525-93ad-4376-a36e-3222c9733e25\">Descarga<\/a><\/div>\n\n\n\n<p><strong>Otra Declaraci\u00f3n de Inter\u00e9s aprobada fue sobre un encuentro que se realizar\u00e1 el 3 y 4 de octubre sobre la Educaci\u00f3n Sexual Integral<\/strong> <strong>y un encuentro de arquitectos patag\u00f3nicos el 4 y 5 de octubre.<\/strong><\/p>\n\n\n\n<div class=\"wp-block-file\"><a id=\"wp-block-file--media-5a40f3bd-d305-4538-b4ef-0eaa52f28b6a\" href=\"https:\/\/langtvvla.com.ar\/wp-content\/uploads\/2025\/09\/DECLA-N\u00b0-16-Declaracion-de-Interes-Municipal-al-30\u00b0-Encuentro-de-Arquitectos-Andinos-Patagonicos.-.doc\">DECLA-N\u00b0-16-Declaracion-de-Interes-Municipal-al-30\u00b0-Encuentro-de-Arquitectos-Andinos-Patagonicos.-<\/a><a href=\"https:\/\/langtvvla.com.ar\/wp-content\/uploads\/2025\/09\/DECLA-N\u00b0-16-Declaracion-de-Interes-Municipal-al-30\u00b0-Encuentro-de-Arquitectos-Andinos-Patagonicos.-.doc\" class=\"wp-block-file__button wp-element-button\" download aria-describedby=\"wp-block-file--media-5a40f3bd-d305-4538-b4ef-0eaa52f28b6a\">Descarga<\/a><\/div>\n\n\n\n<p><strong>Entre las Ordenanzas aprobadas estuvo la del convenio entre la Municipalidad y la Fundaci\u00f3n de Estudios Patag\u00f3nicos, que ayuda a mujeres en situaciones de vulnerabilidad.<\/strong><\/p>\n\n\n\n<p><strong>Igualmente importante fue la Resoluci\u00f3n que destin\u00f3 la donaci\u00f3n de un desfibrilador por plusval\u00eda al Hogar \u00c1lvarez, por 12 meses.<\/strong><\/p>\n\n\n\n<figure class=\"wp-block-embed is-type-video is-provider-youtube wp-block-embed-youtube wp-embed-aspect-16-9 wp-has-aspect-ratio\"><div class=\"wp-block-embed__wrapper\">\n<iframe loading=\"lazy\" title=\"DELIBERANTE 2025\" width=\"500\" height=\"281\" src=\"https:\/\/www.youtube.com\/embed\/ldIL_4l9o4o?feature=oembed\" frameborder=\"0\" allow=\"accelerometer; autoplay; clipboard-write; encrypted-media; gyroscope; picture-in-picture; web-share\" referrerpolicy=\"strict-origin-when-cross-origin\" allowfullscreen><\/iframe>\n<\/div><\/figure>\n\n\n\n<div class=\"wp-block-file\"><a id=\"wp-block-file--media-7fcd2bc3-6d25-43cc-9e8c-40090c759ff9\" href=\"https:\/\/langtvvla.com.ar\/wp-content\/uploads\/2025\/09\/RESOL-N\u00b0-39-Destino-del-Desfibrilador-Externo-Automatico-Donado-por-el-Sr.-Gustavo-Nastasi.-.docx\">RESOL-N\u00b0-39-Destino-del-Desfibrilador-Externo-Automatico-Donado-por-el-Sr.-Gustavo-Nastasi.-<\/a><a href=\"https:\/\/langtvvla.com.ar\/wp-content\/uploads\/2025\/09\/RESOL-N\u00b0-39-Destino-del-Desfibrilador-Externo-Automatico-Donado-por-el-Sr.-Gustavo-Nastasi.-.docx\" class=\"wp-block-file__button wp-element-button\" download aria-describedby=\"wp-block-file--media-7fcd2bc3-6d25-43cc-9e8c-40090c759ff9\">Descarga<\/a><\/div>\n\n\n\n<p><\/p>\n","protected":false},"excerpt":{"rendered":"<p>Consisti\u00f3 en repartir folletos con informaci\u00f3n y un lazo de color naranja, por las calles c\u00e9ntricas. Tambi\u00e9n durante el tratamiento el concejal Andrade ley\u00f3 unas recomendaciones para los medios de comunicaci\u00f3n, en cuanto a c\u00f3mo deben tratar una noticia que involucre la cuesti\u00f3n de un suicidio, por motivos de respeto y evitar un efecto de [&hellip;]<\/p>\n","protected":false},"author":1,"featured_media":8423,"comment_status":"open","ping_status":"open","sticky":false,"template":"","format":"standard","meta":{"footnotes":""},"categories":[28],"tags":[],"class_list":["post-8421","post","type-post","status-publish","format-standard","has-post-thumbnail","hentry","category-politica"],"_links":{"self":[{"href":"https:\/\/langtvvla.com.ar\/index.php\/wp-json\/wp\/v2\/posts\/8421","targetHints":{"allow":["GET"]}}],"collection":[{"href":"https:\/\/langtvvla.com.ar\/index.php\/wp-json\/wp\/v2\/posts"}],"about":[{"href":"https:\/\/langtvvla.com.ar\/index.php\/wp-json\/wp\/v2\/types\/post"}],"author":[{"embeddable":true,"href":"https:\/\/langtvvla.com.ar\/index.php\/wp-json\/wp\/v2\/users\/1"}],"replies":[{"embeddable":true,"href":"https:\/\/langtvvla.com.ar\/index.php\/wp-json\/wp\/v2\/comments?post=8421"}],"version-history":[{"count":5,"href":"https:\/\/langtvvla.com.ar\/index.php\/wp-json\/wp\/v2\/posts\/8421\/revisions"}],"predecessor-version":[{"id":8434,"href":"https:\/\/langtvvla.com.ar\/index.php\/wp-json\/wp\/v2\/posts\/8421\/revisions\/8434"}],"wp:featuredmedia":[{"embeddable":true,"href":"https:\/\/langtvvla.com.ar\/index.php\/wp-json\/wp\/v2\/media\/8423"}],"wp:attachment":[{"href":"https:\/\/langtvvla.com.ar\/index.php\/wp-json\/wp\/v2\/media?parent=8421"}],"wp:term":[{"taxonomy":"category","embeddable":true,"href":"https:\/\/langtvvla.com.ar\/index.php\/wp-json\/wp\/v2\/categories?post=8421"},{"taxonomy":"post_tag","embeddable":true,"href":"https:\/\/langtvvla.com.ar\/index.php\/wp-json\/wp\/v2\/tags?post=8421"}],"curies":[{"name":"wp","href":"https:\/\/api.w.org\/{rel}","templated":true}]}}