{"id":8525,"date":"2025-09-25T17:03:48","date_gmt":"2025-09-25T15:03:48","guid":{"rendered":"https:\/\/langtvvla.com.ar\/?p=8525"},"modified":"2025-09-25T18:45:15","modified_gmt":"2025-09-25T16:45:15","slug":"politica-gran-fondo-7-lagos-festival-folklorico-mesa-del-mallin-y-guarderia-municipal-nueva-sesion-del-deliberante","status":"publish","type":"post","link":"https:\/\/langtvvla.com.ar\/index.php\/2025\/09\/25\/politica-gran-fondo-7-lagos-festival-folklorico-mesa-del-mallin-y-guarderia-municipal-nueva-sesion-del-deliberante\/","title":{"rendered":"POLITICA: GRAN FONDO 7 LAGOS, FESTIVAL FOLKLORICO, MESA DEL MALLIN Y GUARDERIA MUNICIPAL, NUEVA SESION DEL DELIBERANTE"},"content":{"rendered":"\n<figure class=\"wp-block-embed is-type-video is-provider-youtube wp-block-embed-youtube wp-embed-aspect-16-9 wp-has-aspect-ratio\"><div class=\"wp-block-embed__wrapper\">\n<iframe loading=\"lazy\" title=\"DELIBERANTE 2025\" width=\"500\" height=\"281\" src=\"https:\/\/www.youtube.com\/embed\/yAyaq7l-hEI?feature=oembed\" frameborder=\"0\" allow=\"accelerometer; autoplay; clipboard-write; encrypted-media; gyroscope; picture-in-picture; web-share\" referrerpolicy=\"strict-origin-when-cross-origin\" allowfullscreen><\/iframe>\n<\/div><\/figure>\n\n\n\n<p><strong>Este mi\u00e9rcoles 24 se realiz\u00f3 una nueva Sesi\u00f3n del Deliberante, donde se produjeron varias Declaraciones de Interes.<\/strong><\/p>\n\n\n\n<figure class=\"wp-block-embed is-type-video is-provider-youtube wp-block-embed-youtube wp-embed-aspect-16-9 wp-has-aspect-ratio\"><div class=\"wp-block-embed__wrapper\">\n<iframe loading=\"lazy\" title=\"DELIBERANTE 2025\" width=\"500\" height=\"281\" src=\"https:\/\/www.youtube.com\/embed\/I3FIRwtoa0A?feature=oembed\" frameborder=\"0\" allow=\"accelerometer; autoplay; clipboard-write; encrypted-media; gyroscope; picture-in-picture; web-share\" referrerpolicy=\"strict-origin-when-cross-origin\" allowfullscreen><\/iframe>\n<\/div><\/figure>\n\n\n\n<p><strong>Se declar\u00f3 a la carrera de bicicletas en ruta entre SMA-VLA Gran Fondo 7 Lagos, al festival de folklore organizado por la agrupaci\u00f3n El Gaucho, las actividades de la Mesa del Mallin.<\/strong><\/p>\n\n\n\n<figure class=\"wp-block-embed is-type-video is-provider-youtube wp-block-embed-youtube wp-embed-aspect-16-9 wp-has-aspect-ratio\"><div class=\"wp-block-embed__wrapper\">\n<iframe loading=\"lazy\" title=\"DELIBERANTE 2025\" width=\"500\" height=\"281\" src=\"https:\/\/www.youtube.com\/embed\/AnBe2VfGfI8?feature=oembed\" frameborder=\"0\" allow=\"accelerometer; autoplay; clipboard-write; encrypted-media; gyroscope; picture-in-picture; web-share\" referrerpolicy=\"strict-origin-when-cross-origin\" allowfullscreen><\/iframe>\n<\/div><\/figure>\n\n\n\n<p><strong>Tambi\u00e9n se aprob\u00f3 el cambio de denominaci\u00f3n de la guarder\u00eda del Municipio y la Comunicaci\u00f3n de adhesi\u00f3n a la ley 3442 de Neuqu\u00e9n sobre creacion de fondo de recaudaci\u00f3n sobre uso del agua.<\/strong><\/p>\n\n\n\n<figure class=\"wp-block-embed is-type-video is-provider-youtube wp-block-embed-youtube wp-embed-aspect-16-9 wp-has-aspect-ratio\"><div class=\"wp-block-embed__wrapper\">\n<iframe loading=\"lazy\" title=\"DELIBERANTE 2025\" width=\"500\" height=\"281\" src=\"https:\/\/www.youtube.com\/embed\/yMZkVXgKyxw?feature=oembed\" frameborder=\"0\" allow=\"accelerometer; autoplay; clipboard-write; encrypted-media; gyroscope; picture-in-picture; web-share\" referrerpolicy=\"strict-origin-when-cross-origin\" allowfullscreen><\/iframe>\n<\/div><\/figure>\n\n\n\n<figure class=\"wp-block-image size-large\"><img loading=\"lazy\" decoding=\"async\" width=\"1024\" height=\"769\" src=\"https:\/\/langtvvla.com.ar\/wp-content\/uploads\/2025\/09\/106867m10n3120250924_212005-1-1024x769.jpg\" alt=\"\" class=\"wp-image-8534\" srcset=\"https:\/\/langtvvla.com.ar\/wp-content\/uploads\/2025\/09\/106867m10n3120250924_212005-1-1024x769.jpg 1024w, https:\/\/langtvvla.com.ar\/wp-content\/uploads\/2025\/09\/106867m10n3120250924_212005-1-300x225.jpg 300w, https:\/\/langtvvla.com.ar\/wp-content\/uploads\/2025\/09\/106867m10n3120250924_212005-1-768x577.jpg 768w, https:\/\/langtvvla.com.ar\/wp-content\/uploads\/2025\/09\/106867m10n3120250924_212005-1-1536x1153.jpg 1536w, https:\/\/langtvvla.com.ar\/wp-content\/uploads\/2025\/09\/106867m10n3120250924_212005-1-2048x1538.jpg 2048w\" sizes=\"auto, (max-width: 1024px) 100vw, 1024px\" \/><\/figure>\n\n\n\n<p><strong>Un tema a destacar fue el uso de la banca del vecino por alumnos de la escuela 104, que pidieron una excepci\u00f3n para instalar un gallinero en el predio escolar, lo cual fue valorado y felicitado por lxs concejales.<\/strong><\/p>\n\n\n\n<div data-wp-interactive=\"core\/file\" class=\"wp-block-file\"><object data-wp-bind--hidden=\"!state.hasPdfPreview\" hidden class=\"wp-block-file__embed\" data=\"https:\/\/langtvvla.com.ar\/wp-content\/uploads\/2025\/09\/LEY-3442.pdf\" type=\"application\/pdf\" style=\"width:100%;height:600px\" aria-label=\"Incrustado de LEY-3442.\"><\/object><a id=\"wp-block-file--media-f0ad95f5-bcc9-4f00-91b1-455915114f6e\" href=\"https:\/\/langtvvla.com.ar\/wp-content\/uploads\/2025\/09\/LEY-3442.pdf\">LEY-3442<\/a><a href=\"https:\/\/langtvvla.com.ar\/wp-content\/uploads\/2025\/09\/LEY-3442.pdf\" class=\"wp-block-file__button wp-element-button\" download aria-describedby=\"wp-block-file--media-f0ad95f5-bcc9-4f00-91b1-455915114f6e\">Descarga<\/a><\/div>\n\n\n\n<div class=\"wp-block-file\"><a id=\"wp-block-file--media-b1896dda-5c3f-4019-aa1a-17f1328e6557\" href=\"https:\/\/langtvvla.com.ar\/wp-content\/uploads\/2025\/09\/COM-N\u00b0-12-Comunicacion-al-Ejecutivo-Municipal-sobre-la-Ley-Provincial-3442.-.docx\">COM-N\u00b0-12-Comunicacion-al-Ejecutivo-Municipal-sobre-la-Ley-Provincial-3442.-<\/a><a href=\"https:\/\/langtvvla.com.ar\/wp-content\/uploads\/2025\/09\/COM-N\u00b0-12-Comunicacion-al-Ejecutivo-Municipal-sobre-la-Ley-Provincial-3442.-.docx\" class=\"wp-block-file__button wp-element-button\" download aria-describedby=\"wp-block-file--media-b1896dda-5c3f-4019-aa1a-17f1328e6557\">Descarga<\/a><\/div>\n\n\n\n<div class=\"wp-block-file\"><a id=\"wp-block-file--media-c67a7f67-87fb-4ec0-96de-b5bd22073b43\" href=\"https:\/\/langtvvla.com.ar\/wp-content\/uploads\/2025\/09\/DECLA-N\u00b0-20-Declaracion-de-Interes-Municipal-a-la-14\u00b0-Edicion-Evento-Gran-Fondo-7-Lagos.-.doc\">DECLA-N\u00b0-20-Declaracion-de-Interes-Municipal-a-la-14\u00b0-Edicion-Evento-Gran-Fondo-7-Lagos.-<\/a><a href=\"https:\/\/langtvvla.com.ar\/wp-content\/uploads\/2025\/09\/DECLA-N\u00b0-20-Declaracion-de-Interes-Municipal-a-la-14\u00b0-Edicion-Evento-Gran-Fondo-7-Lagos.-.doc\" class=\"wp-block-file__button wp-element-button\" download aria-describedby=\"wp-block-file--media-c67a7f67-87fb-4ec0-96de-b5bd22073b43\">Descarga<\/a><\/div>\n\n\n\n<div class=\"wp-block-file\"><a id=\"wp-block-file--media-787f0453-b421-4c30-92cd-acead4d36171\" href=\"https:\/\/langtvvla.com.ar\/wp-content\/uploads\/2025\/09\/DECLA-N\u00b0-19-Declaracion-de-Interes-Municipal-a-la-Segunda-Edicion-del-Evento-Folklorico-Internacional-Los-Arrayanes.-.doc\">DECLA-N\u00b0-19-Declaracion-de-Interes-Municipal-a-la-Segunda-Edicion-del-Evento-Folklorico-Internacional-Los-Arrayanes.-<\/a><a href=\"https:\/\/langtvvla.com.ar\/wp-content\/uploads\/2025\/09\/DECLA-N\u00b0-19-Declaracion-de-Interes-Municipal-a-la-Segunda-Edicion-del-Evento-Folklorico-Internacional-Los-Arrayanes.-.doc\" class=\"wp-block-file__button wp-element-button\" download aria-describedby=\"wp-block-file--media-787f0453-b421-4c30-92cd-acead4d36171\">Descarga<\/a><\/div>\n\n\n\n<div class=\"wp-block-file\"><a id=\"wp-block-file--media-70eb3337-fa72-42c2-87b8-db2a4afe3463\" href=\"https:\/\/langtvvla.com.ar\/wp-content\/uploads\/2025\/09\/DECLA-N\u00b0-21-Declacion-de-interes-Municipal-al-trabajo-y-las-reuniones-inter-sectoriales-enmarcadas-en-la-Mesa-del-Mallin.-.doc\">DECLA-N\u00b0-21-Declacion-de-interes-Municipal-al-trabajo-y-las-reuniones-inter-sectoriales-enmarcadas-en-la-Mesa-del-Mallin.-<\/a><a href=\"https:\/\/langtvvla.com.ar\/wp-content\/uploads\/2025\/09\/DECLA-N\u00b0-21-Declacion-de-interes-Municipal-al-trabajo-y-las-reuniones-inter-sectoriales-enmarcadas-en-la-Mesa-del-Mallin.-.doc\" class=\"wp-block-file__button wp-element-button\" download aria-describedby=\"wp-block-file--media-70eb3337-fa72-42c2-87b8-db2a4afe3463\">Descarga<\/a><\/div>\n\n\n\n<div class=\"wp-block-file\"><a id=\"wp-block-file--media-e8c48c49-24d1-484a-8a2d-f6ca60449f3a\" href=\"https:\/\/langtvvla.com.ar\/wp-content\/uploads\/2025\/09\/Ordenanza-N\u00b0-4281-Modificacion-Ordenanza-1963-07-Cambio-de-Denominacion-de-la-Guarderia-Municipal-Intendente-Nano-Barria.-.doc\">Ordenanza-N\u00b0-4281-Modificacion-Ordenanza-1963-07-Cambio-de-Denominacion-de-la-Guarderia-Municipal-Intendente-Nano-Barria.-<\/a><a href=\"https:\/\/langtvvla.com.ar\/wp-content\/uploads\/2025\/09\/Ordenanza-N\u00b0-4281-Modificacion-Ordenanza-1963-07-Cambio-de-Denominacion-de-la-Guarderia-Municipal-Intendente-Nano-Barria.-.doc\" class=\"wp-block-file__button wp-element-button\" download aria-describedby=\"wp-block-file--media-e8c48c49-24d1-484a-8a2d-f6ca60449f3a\">Descarga<\/a><\/div>\n","protected":false},"excerpt":{"rendered":"<p>Este mi\u00e9rcoles 24 se realiz\u00f3 una nueva Sesi\u00f3n del Deliberante, donde se produjeron varias Declaraciones de Interes. Se declar\u00f3 a la carrera de bicicletas en ruta entre SMA-VLA Gran Fondo 7 Lagos, al festival de folklore organizado por la agrupaci\u00f3n El Gaucho, las actividades de la Mesa del Mallin. Tambi\u00e9n se aprob\u00f3 el cambio de [&hellip;]<\/p>\n","protected":false},"author":1,"featured_media":8533,"comment_status":"open","ping_status":"open","sticky":false,"template":"","format":"standard","meta":{"footnotes":""},"categories":[28],"tags":[],"class_list":["post-8525","post","type-post","status-publish","format-standard","has-post-thumbnail","hentry","category-politica"],"_links":{"self":[{"href":"https:\/\/langtvvla.com.ar\/index.php\/wp-json\/wp\/v2\/posts\/8525","targetHints":{"allow":["GET"]}}],"collection":[{"href":"https:\/\/langtvvla.com.ar\/index.php\/wp-json\/wp\/v2\/posts"}],"about":[{"href":"https:\/\/langtvvla.com.ar\/index.php\/wp-json\/wp\/v2\/types\/post"}],"author":[{"embeddable":true,"href":"https:\/\/langtvvla.com.ar\/index.php\/wp-json\/wp\/v2\/users\/1"}],"replies":[{"embeddable":true,"href":"https:\/\/langtvvla.com.ar\/index.php\/wp-json\/wp\/v2\/comments?post=8525"}],"version-history":[{"count":2,"href":"https:\/\/langtvvla.com.ar\/index.php\/wp-json\/wp\/v2\/posts\/8525\/revisions"}],"predecessor-version":[{"id":8538,"href":"https:\/\/langtvvla.com.ar\/index.php\/wp-json\/wp\/v2\/posts\/8525\/revisions\/8538"}],"wp:featuredmedia":[{"embeddable":true,"href":"https:\/\/langtvvla.com.ar\/index.php\/wp-json\/wp\/v2\/media\/8533"}],"wp:attachment":[{"href":"https:\/\/langtvvla.com.ar\/index.php\/wp-json\/wp\/v2\/media?parent=8525"}],"wp:term":[{"taxonomy":"category","embeddable":true,"href":"https:\/\/langtvvla.com.ar\/index.php\/wp-json\/wp\/v2\/categories?post=8525"},{"taxonomy":"post_tag","embeddable":true,"href":"https:\/\/langtvvla.com.ar\/index.php\/wp-json\/wp\/v2\/tags?post=8525"}],"curies":[{"name":"wp","href":"https:\/\/api.w.org\/{rel}","templated":true}]}}