{"id":8750,"date":"2025-10-16T21:51:42","date_gmt":"2025-10-16T19:51:42","guid":{"rendered":"https:\/\/langtvvla.com.ar\/?p=8750"},"modified":"2025-10-16T21:51:43","modified_gmt":"2025-10-16T19:51:43","slug":"deportes-raigoso-y-lara-podios-y-salinas-puntero-en-la-5ta-del-enduro-cordillerano","status":"publish","type":"post","link":"https:\/\/langtvvla.com.ar\/index.php\/2025\/10\/16\/deportes-raigoso-y-lara-podios-y-salinas-puntero-en-la-5ta-del-enduro-cordillerano\/","title":{"rendered":"DEPORTES: RAIGOSO Y LARA, PODIOS Y SALINAS PUNTERO, EN LA 5TA DEL ENDURO CORDILLERANO"},"content":{"rendered":"\n<p><strong>Este 12 se corri\u00f3 en Bariloche una nueva fecha del Enduro Cordillerano, donde los pilotos angosturenses participaron en varias categor\u00edas.<\/strong><\/p>\n\n\n\n<p><strong>En Promo A el chileno Santiago Diaz volvi\u00f3 a ganar , con 1:32:18 para 2 vueltas y su escolta tambi\u00e9n fue nuevamente el angosturense Gonzalo Raigoso, a 6:32, puntero de la categor\u00eda Diaz con 127 puntos y 3ro Raigoso con 63.<\/strong><\/p>\n\n\n\n<p><strong>En M\u00e1ster Promo el angosturense Gast\u00f3n Carballo fue 18vo, con 2:02:29 para 2 vueltas, a 27:24 del ganador Francisco Albornoz de Lago Puelo.<\/strong><\/p>\n\n\n\n<p><strong>En M\u00e1ster 1 Gustavo Cuadrado de Angostura lleg\u00f3 5to, con 1:47:14 para 2 vueltas, a 7:59 del ganador, el Barilochense Germ\u00e1n Chavez.<\/strong><\/p>\n\n\n\n<p><strong>En M\u00e1ster 2, la m\u00e1s concurrida, tuvo el gran 3er puesto del angosturense Alejandro Lara, con 1:47:57 para 2 vueltas, a 5:37 del ganador, el barilochense Mat\u00edas Koszutski (puntero de la categor\u00eda con 97 puntos), otros angosturenses 10mo fue Leo Martino a 9:07 y 11ro Mat\u00edas Ortes a 9:09 y 16to Alejandro Olivieri a 16:16 del ganador.<\/strong><\/p>\n\n\n\n<p><strong>En Senior volvi\u00f3 a ganar el esquelense Gio Simeoni, con 2:12:57 para 3 vueltas, 4to lleg\u00f3 el angosturense Luciano Salinas, a 9 minutos y Amadeo Detry Smith finaliz\u00f3 8vo a 16 minutos del primero.  Lo relevante es que ahora Salinas comanda la categor\u00eda y por 11 puntos sobre Ariel Keller, que no pudo terminar por problemas en el abastecimiento.<\/strong><\/p>\n\n\n\n<p><strong>La final ser\u00e1 el 9 de noviembre en El Bols\u00f3n.<\/strong><\/p>\n\n\n\n<p><strong>CREDITO FOTO WEB<\/strong><\/p>\n","protected":false},"excerpt":{"rendered":"<p>Este 12 se corri\u00f3 en Bariloche una nueva fecha del Enduro Cordillerano, donde los pilotos angosturenses participaron en varias categor\u00edas. En Promo A el chileno Santiago Diaz volvi\u00f3 a ganar , con 1:32:18 para 2 vueltas y su escolta tambi\u00e9n fue nuevamente el angosturense Gonzalo Raigoso, a 6:32, puntero de la categor\u00eda Diaz con 127 [&hellip;]<\/p>\n","protected":false},"author":1,"featured_media":8751,"comment_status":"open","ping_status":"open","sticky":false,"template":"","format":"standard","meta":{"footnotes":""},"categories":[18],"tags":[],"class_list":["post-8750","post","type-post","status-publish","format-standard","has-post-thumbnail","hentry","category-deportes"],"_links":{"self":[{"href":"https:\/\/langtvvla.com.ar\/index.php\/wp-json\/wp\/v2\/posts\/8750","targetHints":{"allow":["GET"]}}],"collection":[{"href":"https:\/\/langtvvla.com.ar\/index.php\/wp-json\/wp\/v2\/posts"}],"about":[{"href":"https:\/\/langtvvla.com.ar\/index.php\/wp-json\/wp\/v2\/types\/post"}],"author":[{"embeddable":true,"href":"https:\/\/langtvvla.com.ar\/index.php\/wp-json\/wp\/v2\/users\/1"}],"replies":[{"embeddable":true,"href":"https:\/\/langtvvla.com.ar\/index.php\/wp-json\/wp\/v2\/comments?post=8750"}],"version-history":[{"count":1,"href":"https:\/\/langtvvla.com.ar\/index.php\/wp-json\/wp\/v2\/posts\/8750\/revisions"}],"predecessor-version":[{"id":8752,"href":"https:\/\/langtvvla.com.ar\/index.php\/wp-json\/wp\/v2\/posts\/8750\/revisions\/8752"}],"wp:featuredmedia":[{"embeddable":true,"href":"https:\/\/langtvvla.com.ar\/index.php\/wp-json\/wp\/v2\/media\/8751"}],"wp:attachment":[{"href":"https:\/\/langtvvla.com.ar\/index.php\/wp-json\/wp\/v2\/media?parent=8750"}],"wp:term":[{"taxonomy":"category","embeddable":true,"href":"https:\/\/langtvvla.com.ar\/index.php\/wp-json\/wp\/v2\/categories?post=8750"},{"taxonomy":"post_tag","embeddable":true,"href":"https:\/\/langtvvla.com.ar\/index.php\/wp-json\/wp\/v2\/tags?post=8750"}],"curies":[{"name":"wp","href":"https:\/\/api.w.org\/{rel}","templated":true}]}}