{"id":9216,"date":"2025-11-22T02:33:10","date_gmt":"2025-11-22T01:33:10","guid":{"rendered":"https:\/\/langtvvla.com.ar\/?p=9216"},"modified":"2025-11-22T02:33:11","modified_gmt":"2025-11-22T01:33:11","slug":"deportes-llego-la-gf7l-a-angostura","status":"publish","type":"post","link":"https:\/\/langtvvla.com.ar\/index.php\/2025\/11\/22\/deportes-llego-la-gf7l-a-angostura\/","title":{"rendered":"DEPORTES: LLEGO LA GF7L A ANGOSTURA"},"content":{"rendered":"\n<figure class=\"wp-block-video\"><video height=\"854\" style=\"aspect-ratio: 480 \/ 854;\" width=\"480\" controls src=\"https:\/\/langtvvla.com.ar\/wp-content\/uploads\/2025\/11\/@granfondo7lagos-21-NOVIEMBRE-2025-ANGOSTURA.mp4\"><\/video><\/figure>\n\n\n\n<p><strong>Este 21 lleg\u00f3 la GF7L a Angostura, d\u00eda de inscripciones, retiro de kits, visitas a stands.<\/strong><\/p>\n\n\n\n<p><strong>Este a\u00f1o son 3.000 personas inscriptas de todo el pa\u00eds, con la destacada participaci\u00f3n del medallista ol\u00edmpico Jos\u00e9 Meolans.<\/strong><\/p>\n\n\n\n<figure class=\"wp-block-image size-large\"><img loading=\"lazy\" decoding=\"async\" width=\"1024\" height=\"769\" src=\"https:\/\/langtvvla.com.ar\/wp-content\/uploads\/2025\/11\/106867m10n3120251121_215140-1024x769.jpg\" alt=\"\" class=\"wp-image-9218\" srcset=\"https:\/\/langtvvla.com.ar\/wp-content\/uploads\/2025\/11\/106867m10n3120251121_215140-1024x769.jpg 1024w, https:\/\/langtvvla.com.ar\/wp-content\/uploads\/2025\/11\/106867m10n3120251121_215140-300x225.jpg 300w, https:\/\/langtvvla.com.ar\/wp-content\/uploads\/2025\/11\/106867m10n3120251121_215140-768x577.jpg 768w, https:\/\/langtvvla.com.ar\/wp-content\/uploads\/2025\/11\/106867m10n3120251121_215140-1536x1153.jpg 1536w, https:\/\/langtvvla.com.ar\/wp-content\/uploads\/2025\/11\/106867m10n3120251121_215140-2048x1538.jpg 2048w\" sizes=\"auto, (max-width: 1024px) 100vw, 1024px\" \/><\/figure>\n\n\n\n<p><strong><mark style=\"background-color:rgba(0, 0, 0, 0);color:#f20707\" class=\"has-inline-color\">CRONOGRAMA SABADO 22<\/mark><\/strong><\/p>\n\n\n\n<p><strong>Crono Elite, 10:00hs partida en Av. Arrayanes y Pascotto, por Siete Lagos hasta Lumilla.<\/strong><\/p>\n\n\n\n<p><strong>Kids, 12:00 hs<\/strong> <strong>partida desde el mismo lugar<\/strong><\/p>\n\n\n\n<p><strong>Cl\u00ednica, 17.30 hs<\/strong> <strong>charla t\u00e9cnica en el Centro de Convenciones (Las Frutillas 10), con cupos limitados.<\/strong><\/p>\n\n\n\n<p><strong>Charla T\u00e9cnica Oficial, 19:00 hs<\/strong> <strong>charla obligatoria para participantes, en el Centro de Convenciones.<\/strong><\/p>\n\n\n\n<figure class=\"wp-block-image size-large\"><img loading=\"lazy\" decoding=\"async\" width=\"1024\" height=\"769\" src=\"https:\/\/langtvvla.com.ar\/wp-content\/uploads\/2025\/11\/106867m10n3120251121_212509-1024x769.jpg\" alt=\"\" class=\"wp-image-9219\" srcset=\"https:\/\/langtvvla.com.ar\/wp-content\/uploads\/2025\/11\/106867m10n3120251121_212509-1024x769.jpg 1024w, https:\/\/langtvvla.com.ar\/wp-content\/uploads\/2025\/11\/106867m10n3120251121_212509-300x225.jpg 300w, https:\/\/langtvvla.com.ar\/wp-content\/uploads\/2025\/11\/106867m10n3120251121_212509-768x577.jpg 768w, https:\/\/langtvvla.com.ar\/wp-content\/uploads\/2025\/11\/106867m10n3120251121_212509-1536x1153.jpg 1536w, https:\/\/langtvvla.com.ar\/wp-content\/uploads\/2025\/11\/106867m10n3120251121_212509-2048x1538.jpg 2048w\" sizes=\"auto, (max-width: 1024px) 100vw, 1024px\" \/><\/figure>\n\n\n\n<p><strong><mark style=\"background-color:rgba(0, 0, 0, 0);color:#f70707\" class=\"has-inline-color\">CRONOGRAMA DOMINGO 23 <\/mark><\/strong><\/p>\n\n\n\n<p><strong>Largada en Boulevard Nahuel Huapi y Frambuesas<\/strong><\/p>\n\n\n\n<p><strong>8.00 h \u2013 Elite Caballeros<\/strong><\/p>\n\n\n\n<p><strong>8.05 h \u2013 Elite Damas<\/strong><\/p>\n\n\n\n<p><strong>8.10 h \u2013 Caballeros Ruta: Juveniles \/ Master A, B1 y B2<\/strong><\/p>\n\n\n\n<p><strong>8.15 h \u2013 Damas Ruta: Juveniles A y B, Master A, B1 y B2 \u2014 Master C1, C2, D1, D2, E1 y E2<\/strong><\/p>\n\n\n\n<p><strong>8.20 h \u2013 Caballeros Ruta: Master C1, C2, D1, D2, E1 y E2<\/strong><\/p>\n\n\n\n<p><strong>8.25 h \u2013 Caballeros MTB: Juveniles A y B \u2014 Master A, B1 y B2<\/strong><\/p>\n\n\n\n<p><strong>8.30 h \u2013 Damas MTB: Juveniles A y B \u2014 Master A, B1, B2, C1, C2, D1, D2, E1 y E2<\/strong><\/p>\n\n\n\n<p><strong>8.35 h \u2013 Caballeros MTB: Master C1, C2, D1, D2, E1 y E2<\/strong><\/p>\n\n\n\n<figure class=\"wp-block-image size-large\"><img loading=\"lazy\" decoding=\"async\" width=\"1024\" height=\"769\" src=\"https:\/\/langtvvla.com.ar\/wp-content\/uploads\/2025\/11\/106867m10n3120251121_212548-1024x769.jpg\" alt=\"\" class=\"wp-image-9220\" srcset=\"https:\/\/langtvvla.com.ar\/wp-content\/uploads\/2025\/11\/106867m10n3120251121_212548-1024x769.jpg 1024w, https:\/\/langtvvla.com.ar\/wp-content\/uploads\/2025\/11\/106867m10n3120251121_212548-300x225.jpg 300w, https:\/\/langtvvla.com.ar\/wp-content\/uploads\/2025\/11\/106867m10n3120251121_212548-768x577.jpg 768w, https:\/\/langtvvla.com.ar\/wp-content\/uploads\/2025\/11\/106867m10n3120251121_212548-1536x1153.jpg 1536w, https:\/\/langtvvla.com.ar\/wp-content\/uploads\/2025\/11\/106867m10n3120251121_212548-2048x1538.jpg 2048w\" sizes=\"auto, (max-width: 1024px) 100vw, 1024px\" \/><\/figure>\n","protected":false},"excerpt":{"rendered":"<p>Este 21 lleg\u00f3 la GF7L a Angostura, d\u00eda de inscripciones, retiro de kits, visitas a stands. Este a\u00f1o son 3.000 personas inscriptas de todo el pa\u00eds, con la destacada participaci\u00f3n del medallista ol\u00edmpico Jos\u00e9 Meolans. CRONOGRAMA SABADO 22 Crono Elite, 10:00hs partida en Av. Arrayanes y Pascotto, por Siete Lagos hasta Lumilla. Kids, 12:00 hs [&hellip;]<\/p>\n","protected":false},"author":1,"featured_media":9221,"comment_status":"open","ping_status":"open","sticky":false,"template":"","format":"standard","meta":{"footnotes":""},"categories":[18],"tags":[],"class_list":["post-9216","post","type-post","status-publish","format-standard","has-post-thumbnail","hentry","category-deportes"],"_links":{"self":[{"href":"https:\/\/langtvvla.com.ar\/index.php\/wp-json\/wp\/v2\/posts\/9216","targetHints":{"allow":["GET"]}}],"collection":[{"href":"https:\/\/langtvvla.com.ar\/index.php\/wp-json\/wp\/v2\/posts"}],"about":[{"href":"https:\/\/langtvvla.com.ar\/index.php\/wp-json\/wp\/v2\/types\/post"}],"author":[{"embeddable":true,"href":"https:\/\/langtvvla.com.ar\/index.php\/wp-json\/wp\/v2\/users\/1"}],"replies":[{"embeddable":true,"href":"https:\/\/langtvvla.com.ar\/index.php\/wp-json\/wp\/v2\/comments?post=9216"}],"version-history":[{"count":1,"href":"https:\/\/langtvvla.com.ar\/index.php\/wp-json\/wp\/v2\/posts\/9216\/revisions"}],"predecessor-version":[{"id":9222,"href":"https:\/\/langtvvla.com.ar\/index.php\/wp-json\/wp\/v2\/posts\/9216\/revisions\/9222"}],"wp:featuredmedia":[{"embeddable":true,"href":"https:\/\/langtvvla.com.ar\/index.php\/wp-json\/wp\/v2\/media\/9221"}],"wp:attachment":[{"href":"https:\/\/langtvvla.com.ar\/index.php\/wp-json\/wp\/v2\/media?parent=9216"}],"wp:term":[{"taxonomy":"category","embeddable":true,"href":"https:\/\/langtvvla.com.ar\/index.php\/wp-json\/wp\/v2\/categories?post=9216"},{"taxonomy":"post_tag","embeddable":true,"href":"https:\/\/langtvvla.com.ar\/index.php\/wp-json\/wp\/v2\/tags?post=9216"}],"curies":[{"name":"wp","href":"https:\/\/api.w.org\/{rel}","templated":true}]}}