{"id":9715,"date":"2025-12-24T01:16:52","date_gmt":"2025-12-24T00:16:52","guid":{"rendered":"https:\/\/langtvvla.com.ar\/?p=9715"},"modified":"2025-12-24T01:53:54","modified_gmt":"2025-12-24T00:53:54","slug":"politica-habemus-tarifarium-1-lectura-5-1","status":"publish","type":"post","link":"https:\/\/langtvvla.com.ar\/index.php\/2025\/12\/24\/politica-habemus-tarifarium-1-lectura-5-1\/","title":{"rendered":"POLITICA: HABEMUS TARIFARIUM, 1\u00b0 LECTURA (5-1)"},"content":{"rendered":"\n<figure class=\"wp-block-embed is-type-video is-provider-youtube wp-block-embed-youtube wp-embed-aspect-16-9 wp-has-aspect-ratio\"><div class=\"wp-block-embed__wrapper\">\n<iframe loading=\"lazy\" title=\"DELIBERANTE 2025\" width=\"500\" height=\"281\" src=\"https:\/\/www.youtube.com\/embed\/QarsPtm4BGQ?feature=oembed\" frameborder=\"0\" allow=\"accelerometer; autoplay; clipboard-write; encrypted-media; gyroscope; picture-in-picture; web-share\" referrerpolicy=\"strict-origin-when-cross-origin\" allowfullscreen><\/iframe>\n<\/div><\/figure>\n\n\n\n<p><strong>Este martes 23, en ins\u00f3lita Sesi\u00f3n Especial (por la fecha y hora, 18hs), se convoc\u00f3 -y aprob\u00f3- a tratar el Tarifario con las modificaciones solicitadas por el Deliberante.<\/strong><\/p>\n\n\n\n<p><strong>Dec\u00edamos ins\u00f3lito, pues hace menos de 1 semana se hab\u00eda un\u00e1nimemente enviado de regreso a comisi\u00f3n para revisar las numerosas modificaciones con que hab\u00eda llegado desde la Secretaria de Hacienda.<\/strong><\/p>\n\n\n\n<p><strong>Incre\u00edble pero real, se lleg\u00f3 a un consenso, no s\u00f3lo para tratarlo antes que termine el a\u00f1o, sino para finalmente aprobarlo abrumadoramente 5-1 (la libertaria Vidal vot\u00f3 en contra y Figueroa estuvo ausente).<\/strong><\/p>\n\n\n\n<p><strong>Aun as\u00ed la gente de De Nevares 32 no se salv\u00f3 de las cr\u00edticas, hasta incluso desde los aliados de Avanzar, por lo tanto cuando se llegue a la 2\u00b0 lectura (enero?) varios ser\u00e1n los puntos que deber\u00e1 haber mejorado el oficialismo para conseguir la aprobaci\u00f3n definitiva.<\/strong><\/p>\n","protected":false},"excerpt":{"rendered":"<p>Este martes 23, en ins\u00f3lita Sesi\u00f3n Especial (por la fecha y hora, 18hs), se convoc\u00f3 -y aprob\u00f3- a tratar el Tarifario con las modificaciones solicitadas por el Deliberante. Dec\u00edamos ins\u00f3lito, pues hace menos de 1 semana se hab\u00eda un\u00e1nimemente enviado de regreso a comisi\u00f3n para revisar las numerosas modificaciones con que hab\u00eda llegado desde la [&hellip;]<\/p>\n","protected":false},"author":1,"featured_media":9718,"comment_status":"open","ping_status":"open","sticky":false,"template":"","format":"standard","meta":{"footnotes":""},"categories":[28],"tags":[],"class_list":["post-9715","post","type-post","status-publish","format-standard","has-post-thumbnail","hentry","category-politica"],"_links":{"self":[{"href":"https:\/\/langtvvla.com.ar\/index.php\/wp-json\/wp\/v2\/posts\/9715","targetHints":{"allow":["GET"]}}],"collection":[{"href":"https:\/\/langtvvla.com.ar\/index.php\/wp-json\/wp\/v2\/posts"}],"about":[{"href":"https:\/\/langtvvla.com.ar\/index.php\/wp-json\/wp\/v2\/types\/post"}],"author":[{"embeddable":true,"href":"https:\/\/langtvvla.com.ar\/index.php\/wp-json\/wp\/v2\/users\/1"}],"replies":[{"embeddable":true,"href":"https:\/\/langtvvla.com.ar\/index.php\/wp-json\/wp\/v2\/comments?post=9715"}],"version-history":[{"count":4,"href":"https:\/\/langtvvla.com.ar\/index.php\/wp-json\/wp\/v2\/posts\/9715\/revisions"}],"predecessor-version":[{"id":9722,"href":"https:\/\/langtvvla.com.ar\/index.php\/wp-json\/wp\/v2\/posts\/9715\/revisions\/9722"}],"wp:featuredmedia":[{"embeddable":true,"href":"https:\/\/langtvvla.com.ar\/index.php\/wp-json\/wp\/v2\/media\/9718"}],"wp:attachment":[{"href":"https:\/\/langtvvla.com.ar\/index.php\/wp-json\/wp\/v2\/media?parent=9715"}],"wp:term":[{"taxonomy":"category","embeddable":true,"href":"https:\/\/langtvvla.com.ar\/index.php\/wp-json\/wp\/v2\/categories?post=9715"},{"taxonomy":"post_tag","embeddable":true,"href":"https:\/\/langtvvla.com.ar\/index.php\/wp-json\/wp\/v2\/tags?post=9715"}],"curies":[{"name":"wp","href":"https:\/\/api.w.org\/{rel}","templated":true}]}}